{"id":71125,"date":"2013-09-27T18:59:01","date_gmt":"2013-09-27T21:59:01","guid":{"rendered":"https:\/\/jundiai.sp.gov.br\/noticias\/?p=71125"},"modified":"2016-11-04T11:30:51","modified_gmt":"2016-11-04T13:30:51","slug":"ubs-sarapiranga-alerta-para-crescimento-populacional","status":"publish","type":"post","link":"https:\/\/jundiai.sp.gov.br\/noticias\/2013\/09\/27\/ubs-sarapiranga-alerta-para-crescimento-populacional\/","title":{"rendered":"UBS Sarapiranga alerta para crescimento populacional"},"content":{"rendered":"<p>Em reuni\u00e3o com moradores e t\u00e9cnicos na unidade b\u00e1sica de sa\u00fade (UBS) Jardim Sarapiranga nesta sexta-feira (27), o secret\u00e1rio Cl\u00e1udio Miranda ouviu entre as preocupa\u00e7\u00f5es o forte aumento previsto de moradores na regi\u00e3o, que integra a zona Oeste, e como essa din\u00e2mica vai pressionar os servi\u00e7os p\u00fablicos.<\/p>\n<p>\u201c\u00c9 um ponto importante e um dos motivos que levaram a uma mudan\u00e7a de governo que possa direcionar com cuidado esse crescimento. O prefeito Pedro Bigardi tem orientado para o di\u00e1logo com a comunidade e n\u00e3o apenas a prioridade imobili\u00e1ria\u201d, explicou Cl\u00e1udio Miranda.<\/p>\n<p><strong>Mais<br \/>\n<a href=\"https:\/\/jundiai.sp.gov.br\/noticias\/2013\/09\/prefeitura-lanca-campanha-do-outubro-rosa\/\" target=\"_blank\">Prefeitura lan\u00e7a campanha do Outubro Rosa<\/a><\/strong><\/p>\n<div id=\"attachment_126634\" style=\"width: 730px\" class=\"wp-caption aligncenter\"><a href=\"https:\/\/jundiai.sp.gov.br\/noticias\/wp-content\/uploads\/sites\/32\/2013\/09\/reuniao_saude_dr_claudio_0G.jpg\"><img loading=\"lazy\" decoding=\"async\" aria-describedby=\"caption-attachment-126634\" src=\"https:\/\/jundiai.sp.gov.br\/noticias\/wp-content\/uploads\/sites\/32\/2013\/09\/reuniao_saude_dr_claudio_0G-720x476.jpg\" alt=\"Na regi\u00e3o do Medeiros, moradores apontam desafios para a sa\u00fade\" width=\"720\" height=\"476\" class=\"size-large wp-image-126634\" srcset=\"https:\/\/jundiai.sp.gov.br\/noticias\/wp-content\/uploads\/sites\/32\/2013\/09\/reuniao_saude_dr_claudio_0G-720x476.jpg 720w, https:\/\/jundiai.sp.gov.br\/noticias\/wp-content\/uploads\/sites\/32\/2013\/09\/reuniao_saude_dr_claudio_0G-300x198.jpg 300w, https:\/\/jundiai.sp.gov.br\/noticias\/wp-content\/uploads\/sites\/32\/2013\/09\/reuniao_saude_dr_claudio_0G.jpg 1240w\" sizes=\"auto, (max-width: 720px) 100vw, 720px\" \/><\/a><p id=\"caption-attachment-126634\" class=\"wp-caption-text\">Na regi\u00e3o do Medeiros, moradores apontam desafios para a sa\u00fade<\/p><\/div>\n<p>\u201cEncontramos muitos problemas de recursos humanos e, por isso, buscamos refazer as lacunas de estrutura aos poucos\u201d, comentou o secret\u00e1rio, ao anunciar a contrata\u00e7\u00e3o de mais uma enfermeira na unidade, que atende toda a regi\u00e3o do Medeiros.<\/p>\n<p>Vindo de S\u00e3o Paulo h\u00e1 2 anos, Raul Mesquita destacou o atendimento na rede de sa\u00fade p\u00fablica de Jundia\u00ed. \u201c\u00c9 mais humanizada que na capital\u201d, afirmou. Para a moradora Maria Aparecida Zacarias, h\u00e1 muitas d\u00e9cadas no bairro, a preocupa\u00e7\u00e3o atual \u00e9 com o atendimento de urg\u00eancia.<\/p>\n<p>\u201cUma consulta sem estar marcada \u00e9 dif\u00edcil. A unidade \u00e9 boa, mas a regi\u00e3o vai crescer\u201d, comentou. O mesmo foi dito pela jornalista Dorothea Pereira, estimando que apenas a regi\u00e3o do Medeiros deve passar de 8 mil para 20 mil moradores em 2 ou 3 anos.<\/p>\n<p>Ao encontro \u00e0s preocupa\u00e7\u00f5es, o secret\u00e1rio apresentou aos participantes os planos de transformar o pronto atendimento do Retiro em PA Retiro 24 Horas ainda neste ano, do in\u00edcio das obras da unidade de pronto atendimento (UPA) Novo Horizonte\/Almerinda Chaves e da previs\u00e3o de uma viatura do Servi\u00e7o de Atendimento M\u00f3vel de Urg\u00eancia (Samu), no mesmo local, como partes do projeto para o setor Oeste.<\/p>\n<p><strong>Parcerias<\/strong><br \/>\nPara Miranda, faltaram contrapartidas para novos empreendimentos mas h\u00e1 projetos em andamento. \u201cEstamos buscando parcerias em Bras\u00edlia. Al\u00e9m de novas sedes de unidades de sa\u00fade e pronto atendimento, temos o processo de um novo hospital\u201d, afirmou.<\/p>\n<p>Ele lembrou ainda que os esfor\u00e7os para informatizar o sistema de exames e consultas devem melhorar muito o funcionamento da rede. \u201cMas \u00e9 preciso controle social. Por esse motivo, estamos estimulando a reestrutura\u00e7\u00e3o do conselho gestor da unidade\u201d, disse.<\/p>\n<p><strong>Jos\u00e9 Arnaldo de Oliveira<br \/>\nFoto: Divulga\u00e7\u00e3o <\/strong><\/p>\n","protected":false},"excerpt":{"rendered":"<p>Em reuni\u00e3o com moradores e t\u00e9cnicos na unidade b\u00e1sica de sa\u00fade (UBS) Jardim Sarapiranga nesta sexta-feira (27), o secret\u00e1rio Cl\u00e1udio Miranda ouviu entre as preocupa\u00e7\u00f5es o forte aumento previsto de moradores na regi\u00e3o, que integra a zona Oeste, e como essa din\u00e2mica vai pressionar os servi\u00e7os p\u00fablicos. \u201c\u00c9 um ponto importante e um dos motivos [&hellip;]<\/p>\n","protected":false},"author":10,"featured_media":0,"comment_status":"closed","ping_status":"closed","sticky":false,"template":"","format":"standard","meta":{"footnotes":""},"categories":[2],"tags":[3],"ods":[],"class_list":["post-71125","post","type-post","status-publish","format-standard","hentry","category-noticias","tag-saude"],"_links":{"self":[{"href":"https:\/\/jundiai.sp.gov.br\/noticias\/wp-json\/wp\/v2\/posts\/71125","targetHints":{"allow":["GET"]}}],"collection":[{"href":"https:\/\/jundiai.sp.gov.br\/noticias\/wp-json\/wp\/v2\/posts"}],"about":[{"href":"https:\/\/jundiai.sp.gov.br\/noticias\/wp-json\/wp\/v2\/types\/post"}],"author":[{"embeddable":true,"href":"https:\/\/jundiai.sp.gov.br\/noticias\/wp-json\/wp\/v2\/users\/10"}],"replies":[{"embeddable":true,"href":"https:\/\/jundiai.sp.gov.br\/noticias\/wp-json\/wp\/v2\/comments?post=71125"}],"version-history":[{"count":1,"href":"https:\/\/jundiai.sp.gov.br\/noticias\/wp-json\/wp\/v2\/posts\/71125\/revisions"}],"predecessor-version":[{"id":126635,"href":"https:\/\/jundiai.sp.gov.br\/noticias\/wp-json\/wp\/v2\/posts\/71125\/revisions\/126635"}],"wp:attachment":[{"href":"https:\/\/jundiai.sp.gov.br\/noticias\/wp-json\/wp\/v2\/media?parent=71125"}],"wp:term":[{"taxonomy":"category","embeddable":true,"href":"https:\/\/jundiai.sp.gov.br\/noticias\/wp-json\/wp\/v2\/categories?post=71125"},{"taxonomy":"post_tag","embeddable":true,"href":"https:\/\/jundiai.sp.gov.br\/noticias\/wp-json\/wp\/v2\/tags?post=71125"},{"taxonomy":"ods","embeddable":true,"href":"https:\/\/jundiai.sp.gov.br\/noticias\/wp-json\/wp\/v2\/ods?post=71125"}],"curies":[{"name":"wp","href":"https:\/\/api.w.org\/{rel}","templated":true}]}}