{"id":71128,"date":"2013-09-27T19:22:55","date_gmt":"2013-09-27T22:22:55","guid":{"rendered":"https:\/\/jundiai.sp.gov.br\/noticias\/?p=71128"},"modified":"2016-11-04T11:30:52","modified_gmt":"2016-11-04T13:30:52","slug":"jundiai-premiada-por-prevencao-de-tuberculose","status":"publish","type":"post","link":"https:\/\/jundiai.sp.gov.br\/noticias\/2013\/09\/27\/jundiai-premiada-por-prevencao-de-tuberculose\/","title":{"rendered":"Jundia\u00ed premiada por preven\u00e7\u00e3o de tuberculose"},"content":{"rendered":"<p><strong>Os esfor\u00e7os da rede de sa\u00fade de Jundia\u00ed no foco do controle da tuberculose garantiram ao munic\u00edpio o pr\u00eamio de 1\u00ba lugar na categoria de 51 a 120 casos por ano, durante o F\u00f3rum Estadual de Tuberculose 2013. De acordo com a Secretaria de Sa\u00fade, essa posi\u00e7\u00e3o tem sido consolidada pela atua\u00e7\u00e3o da Vigil\u00e2ncia Epidemiol\u00f3gica.<\/strong><\/p>\n<p><strong>Mais<br \/>\n<a href=\"https:\/\/jundiai.sp.gov.br\/noticias\/2013\/09\/prefeitura-lanca-campanha-do-outubro-rosa\/\" target=\"_blank\">Prefeitura lan\u00e7a campanha do Outubro Rosa<\/a><\/strong><\/p>\n<div id=\"attachment_126625\" style=\"width: 730px\" class=\"wp-caption aligncenter\"><a href=\"https:\/\/jundiai.sp.gov.br\/noticias\/wp-content\/uploads\/sites\/32\/2013\/09\/premio_tuberculose_D24g.jpg\"><img loading=\"lazy\" decoding=\"async\" aria-describedby=\"caption-attachment-126625\" src=\"https:\/\/jundiai.sp.gov.br\/noticias\/wp-content\/uploads\/sites\/32\/2013\/09\/premio_tuberculose_D24g-720x483.jpg\" alt=\"O certificado recebido por Jundia\u00ed: a\u00e7\u00e3o permanente\" width=\"720\" height=\"483\" class=\"size-large wp-image-126625\" srcset=\"https:\/\/jundiai.sp.gov.br\/noticias\/wp-content\/uploads\/sites\/32\/2013\/09\/premio_tuberculose_D24g-720x483.jpg 720w, https:\/\/jundiai.sp.gov.br\/noticias\/wp-content\/uploads\/sites\/32\/2013\/09\/premio_tuberculose_D24g-300x201.jpg 300w, https:\/\/jundiai.sp.gov.br\/noticias\/wp-content\/uploads\/sites\/32\/2013\/09\/premio_tuberculose_D24g.jpg 1240w\" sizes=\"auto, (max-width: 720px) 100vw, 720px\" \/><\/a><p id=\"caption-attachment-126625\" class=\"wp-caption-text\">O certificado recebido por Jundia\u00ed: a\u00e7\u00e3o permanente<\/p><\/div>\n<p>\u201cMas o fator que garante os bons resultados do trabalho, sem d\u00favida, \u00e9 o esfor\u00e7o das unidades de sa\u00fade da aten\u00e7\u00e3o b\u00e1sica. Sem esse engajamento n\u00e3o seria poss\u00edvel envolver a popula\u00e7\u00e3o na a\u00e7\u00e3o preventiva\u201d, destaca a m\u00e9dica Sandra Ervolino.<\/p>\n<p><strong>O principal motivo para o reconhecimento \u00e9 o trabalho de busca ativa, realizado exatamente pelas unidades b\u00e1sicas e de sa\u00fade da fam\u00edlia (UBS e USF) com a investiga\u00e7\u00e3o das pessoas pr\u00f3ximas \u00e0quelas que apresentem sintomas.<\/strong><\/p>\n<p>A m\u00e9dia anual de Jundia\u00ed \u00e9 de uma centena de casos, com mais de 85% deles tratados e curados. O trabalho da Vigil\u00e2ncia envolve tamb\u00e9m o Ambulat\u00f3rio de Mol\u00e9stias Infecciosas, sob coordena\u00e7\u00e3o da m\u00e9dica tisiologista Maria de F\u00e1tima Cotarelli.<\/p>\n<p><div id=\"attachment_126626\" style=\"width: 410px\" class=\"wp-caption alignright\"><a href=\"https:\/\/jundiai.sp.gov.br\/noticias\/wp-content\/uploads\/sites\/32\/2013\/09\/premio_tuberculose_D30g1.jpg\"><img loading=\"lazy\" decoding=\"async\" aria-describedby=\"caption-attachment-126626\" src=\"https:\/\/jundiai.sp.gov.br\/noticias\/wp-content\/uploads\/sites\/32\/2013\/09\/premio_tuberculose_D30g1-720x526.jpg\" alt=\"Sandra e Solange receberam o pr\u00eamio pela Secretaria de Sa\u00fade\" width=\"400\" height=\"400\" class=\"size-large wp-image-126626\" \/><\/a><p id=\"caption-attachment-126626\" class=\"wp-caption-text\">Sandra e Solange receberam o pr\u00eamio pela Secretaria de Sa\u00fade<\/p><\/div>O principal sintoma da tuberculose \u00e9 a tosse durante mais de duas semanas, indicando comprometimento pulmonar. Mas outros \u00f3rg\u00e3os podem ser atingidos. Entre os fatores est\u00e3o condi\u00e7\u00f5es prec\u00e1rias de moradia, uso excessivo de cortic\u00f3ides (comum em casos de artrite), imunodepress\u00e3o, tabagismo e at\u00e9 mesmo o trabalho profissional em sa\u00fade.<\/p>\n<p>O pr\u00eamio foi recebido da Secretaria Estadual de Sa\u00fade e Coordenadoria de Controle de Doen\u00e7as do Estado de S\u00e3o Paulo pela m\u00e9dica, pela enfermeira Solange Marquezin e pelo t\u00e9cnico H\u00e9lio Gabriel Faria. \u201c\u00c9 mais um indicativo de que temos um bom trabalho em equipe\u201d, comentou o diretor de Vigil\u00e2ncia em Sa\u00fade, Jos\u00e9 Trad Neto.<br \/>\n<strong><br \/>\n<em>Por Jos\u00e9 Arnaldo de Oliveira<\/em><br \/>\n<em> Fotos: Dorival Pinheiro Filho<\/em><\/strong><\/p>\n","protected":false},"excerpt":{"rendered":"<p>O principal motivo para o reconhecimento \u00e9 o trabalho de busca ativa<\/p>\n","protected":false},"author":11,"featured_media":0,"comment_status":"closed","ping_status":"closed","sticky":false,"template":"","format":"standard","meta":{"footnotes":""},"categories":[2],"tags":[3],"ods":[],"class_list":["post-71128","post","type-post","status-publish","format-standard","hentry","category-noticias","tag-saude"],"_links":{"self":[{"href":"https:\/\/jundiai.sp.gov.br\/noticias\/wp-json\/wp\/v2\/posts\/71128","targetHints":{"allow":["GET"]}}],"collection":[{"href":"https:\/\/jundiai.sp.gov.br\/noticias\/wp-json\/wp\/v2\/posts"}],"about":[{"href":"https:\/\/jundiai.sp.gov.br\/noticias\/wp-json\/wp\/v2\/types\/post"}],"author":[{"embeddable":true,"href":"https:\/\/jundiai.sp.gov.br\/noticias\/wp-json\/wp\/v2\/users\/11"}],"replies":[{"embeddable":true,"href":"https:\/\/jundiai.sp.gov.br\/noticias\/wp-json\/wp\/v2\/comments?post=71128"}],"version-history":[{"count":2,"href":"https:\/\/jundiai.sp.gov.br\/noticias\/wp-json\/wp\/v2\/posts\/71128\/revisions"}],"predecessor-version":[{"id":126628,"href":"https:\/\/jundiai.sp.gov.br\/noticias\/wp-json\/wp\/v2\/posts\/71128\/revisions\/126628"}],"wp:attachment":[{"href":"https:\/\/jundiai.sp.gov.br\/noticias\/wp-json\/wp\/v2\/media?parent=71128"}],"wp:term":[{"taxonomy":"category","embeddable":true,"href":"https:\/\/jundiai.sp.gov.br\/noticias\/wp-json\/wp\/v2\/categories?post=71128"},{"taxonomy":"post_tag","embeddable":true,"href":"https:\/\/jundiai.sp.gov.br\/noticias\/wp-json\/wp\/v2\/tags?post=71128"},{"taxonomy":"ods","embeddable":true,"href":"https:\/\/jundiai.sp.gov.br\/noticias\/wp-json\/wp\/v2\/ods?post=71128"}],"curies":[{"name":"wp","href":"https:\/\/api.w.org\/{rel}","templated":true}]}}