{"id":72073,"date":"2013-10-10T10:51:08","date_gmt":"2013-10-10T13:51:08","guid":{"rendered":"https:\/\/jundiai.sp.gov.br\/noticias\/?p=72073"},"modified":"2016-11-04T11:30:31","modified_gmt":"2016-11-04T13:30:31","slug":"veja-os-nomes-dos-integrantes-do-ggim","status":"publish","type":"post","link":"https:\/\/jundiai.sp.gov.br\/noticias\/2013\/10\/10\/veja-os-nomes-dos-integrantes-do-ggim\/","title":{"rendered":"Veja os nomes dos integrantes do GGIM"},"content":{"rendered":"<p><em>Pedro Bigardi, prefeito e coordenador-geral<br \/>\nDurval Orlato, vice-prefeito<br \/>\nThiers Costa Marques Neto, coordenador-executivo e suplente da Casa Civil<br \/>\nJos\u00e9 Roberto Ferraz, assessor de coordena\u00e7\u00e3o e titular da Guarda Municipal<br \/>\nJos\u00e9 Carlos Pires de Carvalho, titular da Casa Civil<br \/>\nPaulo Vicente Soares, suplente da Guarda Municipal<br \/>\nViviane Aparecida Quiessi, titular do Fundo Social de Solidariedade (Funss)<br \/>\nAntonio Donizeti Passarini, suplente do Funss<br \/>\nEduardo Luiz Carbonari, titular da Defesa Civil<br \/>\nFernando S\u00e1lvia Mazzei, suplente da Defesa Civil<br \/>\nGleyson Oliveira Da Fonseca, titular da Secretaria de Comunica\u00e7\u00e3o Social<br \/>\nEmerson Moura Leite, suplente da Secretaria de Comunica\u00e7\u00e3o Social<br \/>\nMarilena perdiz negro, titular da Secretaria de Assist\u00eancia e Desenvolvimento Social (Semads)<br \/>\nJoana De C\u00e1ssia Prud\u00eancio, suplente da Semads<br \/>\nRegina Rom\u00e3o, titular da Secretaria de Transportes<br \/>\nWilson Folgozi De Brito, suplente da Secretaria de Transportes<br \/>\nTiago Texera, titular da Secretaria de Sa\u00fade<br \/>\nJos\u00e9 Joaquim Rodrigues Filho, suplente da Secretaria de Sa\u00fade<br \/>\nDjalma Henrique Paes, titular da Secretaria de Educa\u00e7\u00e3o<br \/>\nVal\u00e9ria Rivelli Luiz, suplente da Secretaria de Educa\u00e7\u00e3o<br \/>\nNelson Roberto Giolo, titular da Fumas<br \/>\nJuliano Marighetto, suplente da Fumas<br \/>\nPaulo Sergio Martins, titular do Poder Legislativo<br \/>\nCelso Arantes, suplente do Poder Legislativo<br \/>\nLuiz Carlos Branco Junior, titular da Pol\u00edcia Civil<br \/>\nWilson Ricardo Pituba Peres, suplente da Pol\u00edcia Civil<br \/>\nHenrique Pereira De Souza Neto, titular do 49\u00ba Batalh\u00e3o de Pol\u00edcia Militar do Interior<br \/>\nCarlos Adriano Dos Santos, suplente do 49\u00ba BPMI<br \/>\nAloysio Alberto de Queiroz Junior, titular do 11\u00ba BPMI<br \/>\nRog\u00e9rio Pedroso de Moraes, suplente do 11\u00ba BPMI<br \/>\nDaniel Sim\u00f5es de Oliveira, titular da Pol\u00edcia Rodovi\u00e1ria<br \/>\nAdemir Tomaz Bravo, suplente da Pol\u00edcia Rodovi\u00e1ria<br \/>\nMauro Minoro Takara, titular do Corpo de Bombeiros<br \/>\nCarlos Augusto De Carvalho Filho, suplente do Corpo de Bombeiros<br \/>\nEliana Maria Boldrin, titular da Secretaria de Estado da Educa\u00e7\u00e3o<br \/>\nCl\u00e1udio Nitsch Medeiros, suplente da Secretaria de Estado da Educa\u00e7\u00e3o<br \/>\nSebasti\u00e3o Augusto De Camargo Pujol, titular do Minist\u00e9rio da Justi\u00e7a<br \/>\nHenrique Souza Guimar\u00e3es, suplente do Minist\u00e9rio da Justi\u00e7a<br \/>\nPaulo Roberto Galv\u00e3o, titular da Secretaria de Finan\u00e7as<br \/>\nM\u00f4nica Maria da Silva, suplente da Secretaria de Finan\u00e7as<br \/>\nMarcos C\u00e9sar Brunholi, titular da Secretaria de Agricultura, Abastecimento e Turismo<br \/>\nMarcella Filipini, suplente da Secretaria de Agricultura, Abastecimento e Turismo<br \/>\nEdson Aparecido da Rocha, titular da Secretaria de Neg\u00f3cios Jur\u00eddicos<br \/>\nAdilson Messias, suplente da Secretaria Municipal de Neg\u00f3cios Jur\u00eddicos<\/em><\/p>\n","protected":false},"excerpt":{"rendered":"<p>Pedro Bigardi, prefeito e coordenador-geral Durval Orlato, vice-prefeito Thiers Costa Marques Neto, coordenador-executivo e suplente da Casa Civil Jos\u00e9 Roberto Ferraz, assessor de coordena\u00e7\u00e3o e titular da Guarda Municipal Jos\u00e9 Carlos Pires de Carvalho, titular da Casa Civil Paulo Vicente Soares, suplente da Guarda Municipal Viviane Aparecida Quiessi, titular do Fundo Social de Solidariedade (Funss) [&hellip;]<\/p>\n","protected":false},"author":10,"featured_media":0,"comment_status":"closed","ping_status":"closed","sticky":false,"template":"","format":"standard","meta":{"footnotes":""},"categories":[2],"tags":[],"ods":[],"class_list":["post-72073","post","type-post","status-publish","format-standard","hentry","category-noticias"],"_links":{"self":[{"href":"https:\/\/jundiai.sp.gov.br\/noticias\/wp-json\/wp\/v2\/posts\/72073","targetHints":{"allow":["GET"]}}],"collection":[{"href":"https:\/\/jundiai.sp.gov.br\/noticias\/wp-json\/wp\/v2\/posts"}],"about":[{"href":"https:\/\/jundiai.sp.gov.br\/noticias\/wp-json\/wp\/v2\/types\/post"}],"author":[{"embeddable":true,"href":"https:\/\/jundiai.sp.gov.br\/noticias\/wp-json\/wp\/v2\/users\/10"}],"replies":[{"embeddable":true,"href":"https:\/\/jundiai.sp.gov.br\/noticias\/wp-json\/wp\/v2\/comments?post=72073"}],"version-history":[{"count":1,"href":"https:\/\/jundiai.sp.gov.br\/noticias\/wp-json\/wp\/v2\/posts\/72073\/revisions"}],"predecessor-version":[{"id":181784,"href":"https:\/\/jundiai.sp.gov.br\/noticias\/wp-json\/wp\/v2\/posts\/72073\/revisions\/181784"}],"wp:attachment":[{"href":"https:\/\/jundiai.sp.gov.br\/noticias\/wp-json\/wp\/v2\/media?parent=72073"}],"wp:term":[{"taxonomy":"category","embeddable":true,"href":"https:\/\/jundiai.sp.gov.br\/noticias\/wp-json\/wp\/v2\/categories?post=72073"},{"taxonomy":"post_tag","embeddable":true,"href":"https:\/\/jundiai.sp.gov.br\/noticias\/wp-json\/wp\/v2\/tags?post=72073"},{"taxonomy":"ods","embeddable":true,"href":"https:\/\/jundiai.sp.gov.br\/noticias\/wp-json\/wp\/v2\/ods?post=72073"}],"curies":[{"name":"wp","href":"https:\/\/api.w.org\/{rel}","templated":true}]}}