{"id":72093,"date":"2013-10-10T17:01:20","date_gmt":"2013-10-10T20:01:20","guid":{"rendered":"https:\/\/jundiai.sp.gov.br\/noticias\/?p=72093"},"modified":"2016-11-04T11:30:31","modified_gmt":"2016-11-04T13:30:31","slug":"ubs-rio-branco-discute-futuro-do-sistema-de-saude","status":"publish","type":"post","link":"https:\/\/jundiai.sp.gov.br\/noticias\/2013\/10\/10\/ubs-rio-branco-discute-futuro-do-sistema-de-saude\/","title":{"rendered":"UBS Rio Branco discute futuro do sistema de sa\u00fade"},"content":{"rendered":"<p>Funcion\u00e1rios e usu\u00e1rios da unidade b\u00e1sica de sa\u00fade (UBS) da Vila Rio Branco reuniram-se com o secret\u00e1rio de Sa\u00fade Cl\u00e1udio Miranda para tratar de temas referentes \u00e0 unidade, como problemas pontuais e tamb\u00e9m de quest\u00f5es sobre o futuro do sistema de sa\u00fade p\u00fablica em Jundia\u00ed. Um dos principais pontos tratados foi a limita\u00e7\u00e3o do n\u00famero de profissionais da \u00e1rea, causada pela defasagem salarial de profissionais como os m\u00e9dicos ao longo dos \u00faltimos anos.<\/p>\n<p><strong>Mais<\/strong><br \/>\n<a href=\"https:\/\/jundiai.sp.gov.br\/noticias\/outubro-rosa-2013\/\" target=\"_blank\"><strong>Fique por dentro da Campanha do Outubro Rosa <\/strong><\/a><br \/>\n<a href=\"https:\/\/jundiai.sp.gov.br\/noticias\/2013\/10\/jundiai-lanca-as-obras-do-primeiro-mini-hospital\/\" target=\"_blank\"><strong>Jundia\u00ed lan\u00e7a as obras do primeiro \u2018mini-hospital\u2019<\/strong><\/a><\/p>\n<div id=\"attachment_128049\" style=\"width: 730px\" class=\"wp-caption aligncenter\"><a href=\"https:\/\/jundiai.sp.gov.br\/noticias\/wp-content\/uploads\/sites\/32\/2013\/10\/CDA0225_G.jpg\"><img loading=\"lazy\" decoding=\"async\" aria-describedby=\"caption-attachment-128049\" src=\"https:\/\/jundiai.sp.gov.br\/noticias\/wp-content\/uploads\/sites\/32\/2013\/10\/CDA0225_G-720x513.jpg\" alt=\"A reuni\u00e3o na UBS Rio Branco usou a parte externa da unidade\" width=\"720\" height=\"513\" class=\"size-large wp-image-128049\" srcset=\"https:\/\/jundiai.sp.gov.br\/noticias\/wp-content\/uploads\/sites\/32\/2013\/10\/CDA0225_G-720x513.jpg 720w, https:\/\/jundiai.sp.gov.br\/noticias\/wp-content\/uploads\/sites\/32\/2013\/10\/CDA0225_G-300x214.jpg 300w, https:\/\/jundiai.sp.gov.br\/noticias\/wp-content\/uploads\/sites\/32\/2013\/10\/CDA0225_G.jpg 1240w\" sizes=\"auto, (max-width: 720px) 100vw, 720px\" \/><\/a><p id=\"caption-attachment-128049\" class=\"wp-caption-text\">A reuni\u00e3o na UBS Rio Branco usou a parte externa da unidade<\/p><\/div>\n<p>\u201cNeste ano tivemos um concurso em que algumas especialidades tiveram apenas um candidato\u201d, comentou Miranda.<\/p>\n<p>Entre as provid\u00eancias foram citadas a convoca\u00e7\u00e3o de quase 30 profissionais aprovados em concurso anterior e a abertura de novos concursos. <\/p>\n<p>Mas uma outra provid\u00eancia tempor\u00e1ria est\u00e1 em andamento com a alternativa de terceiriza\u00e7\u00e3o de alguns setores, entre eles a ortopedia e a neurologia. E a medida pode ser adotada tamb\u00e9m para \u00e1reas tamb\u00e9m defasadas, como a reumatologia.<\/p>\n<p>A moradora Marlene Barbosa afirmou que sofreu por v\u00e1rios anos com atrasos na ortopedia e na sa\u00fade mental, \u00e1reas em que novas medidas come\u00e7aram a ser tomadas como a implementa\u00e7\u00e3o dos n\u00facleos de apoio de sa\u00fade da fam\u00edlia (NASF), que visam reduzir para menos de um m\u00eas a espera de consultas agendadas em toda a rede de unidades.<\/p>\n<p>Os funcion\u00e1rios da unidade questionaram ainda os planos de padronizar os hor\u00e1rios da rede de unidades entre 7h e 19h em 2014, adequando os hor\u00e1rios de enfermeiros de 40 para 30 horas semanais que \u00e9 uma reivindica\u00e7\u00e3o de muitos anos entre os profissionais. A valoriza\u00e7\u00e3o da sa\u00fade da fam\u00edlia e a amplia\u00e7\u00e3o da sa\u00fade bucal foram tamb\u00e9m abordados.<\/p>\n<p><em><strong>Jos\u00e9 Arnaldo de Oliveira<br \/>\nFoto: Divulga\u00e7\u00e3o <\/strong><\/em><\/p>\n","protected":false},"excerpt":{"rendered":"<p>Funcion\u00e1rios e usu\u00e1rios da unidade b\u00e1sica de sa\u00fade (UBS) da Vila Rio Branco reuniram-se com o secret\u00e1rio de Sa\u00fade Cl\u00e1udio Miranda para tratar de temas referentes \u00e0 unidade, como problemas pontuais e tamb\u00e9m de quest\u00f5es sobre o futuro do sistema de sa\u00fade p\u00fablica em Jundia\u00ed. Um dos principais pontos tratados foi a limita\u00e7\u00e3o do n\u00famero [&hellip;]<\/p>\n","protected":false},"author":10,"featured_media":0,"comment_status":"closed","ping_status":"closed","sticky":false,"template":"","format":"standard","meta":{"footnotes":""},"categories":[2],"tags":[3],"ods":[],"class_list":["post-72093","post","type-post","status-publish","format-standard","hentry","category-noticias","tag-saude"],"_links":{"self":[{"href":"https:\/\/jundiai.sp.gov.br\/noticias\/wp-json\/wp\/v2\/posts\/72093","targetHints":{"allow":["GET"]}}],"collection":[{"href":"https:\/\/jundiai.sp.gov.br\/noticias\/wp-json\/wp\/v2\/posts"}],"about":[{"href":"https:\/\/jundiai.sp.gov.br\/noticias\/wp-json\/wp\/v2\/types\/post"}],"author":[{"embeddable":true,"href":"https:\/\/jundiai.sp.gov.br\/noticias\/wp-json\/wp\/v2\/users\/10"}],"replies":[{"embeddable":true,"href":"https:\/\/jundiai.sp.gov.br\/noticias\/wp-json\/wp\/v2\/comments?post=72093"}],"version-history":[{"count":1,"href":"https:\/\/jundiai.sp.gov.br\/noticias\/wp-json\/wp\/v2\/posts\/72093\/revisions"}],"predecessor-version":[{"id":128050,"href":"https:\/\/jundiai.sp.gov.br\/noticias\/wp-json\/wp\/v2\/posts\/72093\/revisions\/128050"}],"wp:attachment":[{"href":"https:\/\/jundiai.sp.gov.br\/noticias\/wp-json\/wp\/v2\/media?parent=72093"}],"wp:term":[{"taxonomy":"category","embeddable":true,"href":"https:\/\/jundiai.sp.gov.br\/noticias\/wp-json\/wp\/v2\/categories?post=72093"},{"taxonomy":"post_tag","embeddable":true,"href":"https:\/\/jundiai.sp.gov.br\/noticias\/wp-json\/wp\/v2\/tags?post=72093"},{"taxonomy":"ods","embeddable":true,"href":"https:\/\/jundiai.sp.gov.br\/noticias\/wp-json\/wp\/v2\/ods?post=72093"}],"curies":[{"name":"wp","href":"https:\/\/api.w.org\/{rel}","templated":true}]}}