{"id":72126,"date":"2013-10-10T18:30:13","date_gmt":"2013-10-10T21:30:13","guid":{"rendered":"https:\/\/jundiai.sp.gov.br\/noticias\/?p=72126"},"modified":"2016-11-04T11:30:33","modified_gmt":"2016-11-04T13:30:33","slug":"setransp-reforca-linhas-de-onibus-neste-sabado-12","status":"publish","type":"post","link":"https:\/\/jundiai.sp.gov.br\/noticias\/2013\/10\/10\/setransp-reforca-linhas-de-onibus-neste-sabado-12\/","title":{"rendered":"Setransp refor\u00e7a linhas de \u00f4nibus neste s\u00e1bado (12)"},"content":{"rendered":"<p>A Setransp vai refor\u00e7ar o atendimento de \u00f4nibus aos parques do Trabalhador (Corrupira) e da Cidade. <\/p>\n<p>Nos terminais Cecap e Vila Arens ser\u00e3o colocados \u00f4nibus reserva para as linhas 563 (Terminal Cecap\/Bairro dos Fernandes) e 703 (Rio Acima\/Terminal Vila Arens) que passagem pelo Parque de Corrupira. Os \u00f4nibus ficar\u00e3o \u00e0 disposi\u00e7\u00e3o para serem utilizados conforme a demanda de usu\u00e1rios.<\/p>\n<p><a href=\"https:\/\/jundiai.sp.gov.br\/noticias\/evento\/programacao-especial-dia-das-criancas\/\" target=\"_blank\"><strong>Programa\u00e7\u00e3o Especial Dia das Crian\u00e7as no Corrupira <\/strong><\/a><\/p>\n<p>De acordo com a Setransp, durante todo o dia ser\u00e3o feitas viagens especiais partindo da frente do Parque de Corrupira para os terminais Vila Arens e Cecap. Destes terminais, os usu\u00e1rios poder\u00e3o fazer a integra\u00e7\u00e3o com outras linhas.<\/p>\n<p>A linha 578 (Jundia\u00ed Mirim\/Terminal Vila Hortol\u00e2ndia), que atende ao Parque da Cidade, tamb\u00e9m contar\u00e1 com carro reserva no Terminal da Vila Hortol\u00e2ndia para ser utilizado conforme a demanda de usu\u00e1rios. Assim como no Corrupira, durante todo o dia viagens especiais partir\u00e3o de frente ao Parque da Cidade para o Terminal Hortol\u00e2ndia.<\/p>\n<p><strong>Assessoria de Imprensa<\/strong><\/p>\n","protected":false},"excerpt":{"rendered":"<p>Durante todo o dia ser\u00e3o feitas viagens especiais para atender demanda; confira os itiner\u00e1rios <\/p>\n","protected":false},"author":10,"featured_media":0,"comment_status":"closed","ping_status":"closed","sticky":false,"template":"","format":"standard","meta":{"footnotes":""},"categories":[2],"tags":[338],"ods":[],"class_list":["post-72126","post","type-post","status-publish","format-standard","hentry","category-noticias","tag-transportes"],"_links":{"self":[{"href":"https:\/\/jundiai.sp.gov.br\/noticias\/wp-json\/wp\/v2\/posts\/72126","targetHints":{"allow":["GET"]}}],"collection":[{"href":"https:\/\/jundiai.sp.gov.br\/noticias\/wp-json\/wp\/v2\/posts"}],"about":[{"href":"https:\/\/jundiai.sp.gov.br\/noticias\/wp-json\/wp\/v2\/types\/post"}],"author":[{"embeddable":true,"href":"https:\/\/jundiai.sp.gov.br\/noticias\/wp-json\/wp\/v2\/users\/10"}],"replies":[{"embeddable":true,"href":"https:\/\/jundiai.sp.gov.br\/noticias\/wp-json\/wp\/v2\/comments?post=72126"}],"version-history":[{"count":1,"href":"https:\/\/jundiai.sp.gov.br\/noticias\/wp-json\/wp\/v2\/posts\/72126\/revisions"}],"predecessor-version":[{"id":128876,"href":"https:\/\/jundiai.sp.gov.br\/noticias\/wp-json\/wp\/v2\/posts\/72126\/revisions\/128876"}],"wp:attachment":[{"href":"https:\/\/jundiai.sp.gov.br\/noticias\/wp-json\/wp\/v2\/media?parent=72126"}],"wp:term":[{"taxonomy":"category","embeddable":true,"href":"https:\/\/jundiai.sp.gov.br\/noticias\/wp-json\/wp\/v2\/categories?post=72126"},{"taxonomy":"post_tag","embeddable":true,"href":"https:\/\/jundiai.sp.gov.br\/noticias\/wp-json\/wp\/v2\/tags?post=72126"},{"taxonomy":"ods","embeddable":true,"href":"https:\/\/jundiai.sp.gov.br\/noticias\/wp-json\/wp\/v2\/ods?post=72126"}],"curies":[{"name":"wp","href":"https:\/\/api.w.org\/{rel}","templated":true}]}}