{"id":72144,"date":"2013-10-10T18:53:45","date_gmt":"2013-10-10T21:53:45","guid":{"rendered":"https:\/\/jundiai.sp.gov.br\/noticias\/?p=72144"},"modified":"2016-11-04T11:30:44","modified_gmt":"2016-11-04T13:30:44","slug":"prefeitura-discute-seguranca-publica-na-vila-hortolandia","status":"publish","type":"post","link":"https:\/\/jundiai.sp.gov.br\/noticias\/2013\/10\/10\/prefeitura-discute-seguranca-publica-na-vila-hortolandia\/","title":{"rendered":"Prefeitura discute seguran\u00e7a p\u00fablica na Vila Hortol\u00e2ndia"},"content":{"rendered":"<p>Representada pelo comandante da Guarda Municipal de Jundia\u00ed, Jos\u00e9 Roberto Ferraz; pelo secret\u00e1rio de Finan\u00e7as, Paulo Galv\u00e3o; pelo diretor da Secretaria de Comunica\u00e7\u00e3o Social, Emerson Leite; e por Sandro Rog\u00e9rio Souza, assessor especial do Gabinete do Prefeito, a Prefeitura participou de uma reuni\u00e3o com comerciantes e moradores da Vila Hortol\u00e2ndia, na manh\u00e3 desta quinta-feira (10), para discutir quest\u00f5es relacionadas \u00e0 seguran\u00e7a p\u00fablica.<\/p>\n<p><strong>Mais<br \/>\n<a href=\"https:\/\/jundiai.sp.gov.br\/noticias\/2013\/10\/recurso-publico-e-discutido-pela-secretaria-de-financas\/\" target=\"_blank\"><strong>Recurso p\u00fablico \u00e9 discutido pela Secretaria de Finan\u00e7as<\/strong><\/a><br \/>\n<a href=\"https:\/\/jundiai.sp.gov.br\/noticias\/2013\/10\/gm-e-servicos-publicos-fazem-acao-de-limpeza-no-sao-camilo\/\" target=\"_blank\">GM e Servi\u00e7os P\u00fablicos fazem a\u00e7\u00e3o de limpeza no S\u00e3o Camilo<\/strong><\/a><br \/>\n<a href=\"https:\/\/jundiai.sp.gov.br\/noticias\/2013\/10\/guardas-municipais-de-jundiai-recebem-homenagem-em-cosmopolis-sp\/\" target=\"_blank\"><strong>Guardas municipais de Jundia\u00ed recebem homenagem em Cosm\u00f3polis (SP)<\/strong><\/a><br \/>\n<a href=\"https:\/\/jundiai.sp.gov.br\/noticias\/2013\/10\/guarda-municipal-e-faculdade-anhanguera-realizam-palestras\/\" target=\"_blank\"><strong>Guarda Municipal e Faculdade Anhanguera realizam palestras<\/strong><\/a><\/p>\n<div id=\"attachment_126102\" style=\"width: 730px\" class=\"wp-caption aligncenter\"><a href=\"https:\/\/jundiai.sp.gov.br\/noticias\/wp-content\/uploads\/sites\/32\/2013\/10\/gm_reuniao_vl_hortolandia_p_2G1.jpg\"><img loading=\"lazy\" decoding=\"async\" aria-describedby=\"caption-attachment-126102\" src=\"https:\/\/jundiai.sp.gov.br\/noticias\/wp-content\/uploads\/sites\/32\/2013\/10\/gm_reuniao_vl_hortolandia_p_2G1-720x441.jpg\" alt=\"GM e secret\u00e1rio falaram do trabalho da Prefeitura\" width=\"720\" height=\"441\" class=\"size-large wp-image-126102\" srcset=\"https:\/\/jundiai.sp.gov.br\/noticias\/wp-content\/uploads\/sites\/32\/2013\/10\/gm_reuniao_vl_hortolandia_p_2G1-720x441.jpg 720w, https:\/\/jundiai.sp.gov.br\/noticias\/wp-content\/uploads\/sites\/32\/2013\/10\/gm_reuniao_vl_hortolandia_p_2G1-300x183.jpg 300w, https:\/\/jundiai.sp.gov.br\/noticias\/wp-content\/uploads\/sites\/32\/2013\/10\/gm_reuniao_vl_hortolandia_p_2G1.jpg 1240w\" sizes=\"auto, (max-width: 720px) 100vw, 720px\" \/><\/a><p id=\"caption-attachment-126102\" class=\"wp-caption-text\">GM e secret\u00e1rio falaram do trabalho da Prefeitura<\/p><\/div>\n<p>Do encontro, realizado no Centro Comunit\u00e1rio do bairro, participaram tamb\u00e9m o delegado Florisval Silva Santos, da Seccional de Pol\u00edcia de Jundia\u00ed, e o capit\u00e3o PM Roberto Borges, do 49\u00ba BPM\/I.<\/p>\n<p>O comandante Ferraz iniciou dizendo que essas iniciativas v\u00e3o ao encontro do que deseja o governo municipal, ou seja, ir at\u00e9 \u00e0 popula\u00e7\u00e3o para saber do que ela mais precisa, quais s\u00e3o as \u00e1reas em que as a\u00e7\u00f5es precisam ser feitas de maneira mais r\u00e1pida. \u201cA Guarda Municipal tem ido at\u00e9 \u00e0 popula\u00e7\u00e3o e discutido com ela os seus problemas\u201d, disse.<\/p>\n<p>Ferraz explicou sobre os desafios em atender a uma demanda cada vez mais crescente. \u201cH\u00e1 20 anos n\u00e3o t\u00ednhamos um aumento de efetivo e n\u00e3o podemos compensar isso de uma \u00fanica vez, mas \u00e9 certo que teremos at\u00e9 o final do governo 200 GMs a mais\u201d, informou.<\/p>\n<div id=\"attachment_126104\" style=\"width: 730px\" class=\"wp-caption aligncenter\"><a href=\"https:\/\/jundiai.sp.gov.br\/noticias\/wp-content\/uploads\/sites\/32\/2013\/10\/gm_reuniao_vl_hortolandia_p_5G.jpg\"><img loading=\"lazy\" decoding=\"async\" aria-describedby=\"caption-attachment-126104\" src=\"https:\/\/jundiai.sp.gov.br\/noticias\/wp-content\/uploads\/sites\/32\/2013\/10\/gm_reuniao_vl_hortolandia_p_5G-720x452.jpg\" alt=\"O encontro reuniu moradores e comerciantes do bairro\" width=\"720\" height=\"452\" class=\"size-large wp-image-126104\" srcset=\"https:\/\/jundiai.sp.gov.br\/noticias\/wp-content\/uploads\/sites\/32\/2013\/10\/gm_reuniao_vl_hortolandia_p_5G-720x452.jpg 720w, https:\/\/jundiai.sp.gov.br\/noticias\/wp-content\/uploads\/sites\/32\/2013\/10\/gm_reuniao_vl_hortolandia_p_5G-300x188.jpg 300w, https:\/\/jundiai.sp.gov.br\/noticias\/wp-content\/uploads\/sites\/32\/2013\/10\/gm_reuniao_vl_hortolandia_p_5G.jpg 1240w\" sizes=\"auto, (max-width: 720px) 100vw, 720px\" \/><\/a><p id=\"caption-attachment-126104\" class=\"wp-caption-text\">O encontro reuniu moradores e comerciantes do bairro<\/p><\/div>\n<p>Uma das provid\u00eancias anunciadas pelo comandante e que j\u00e1 est\u00e1 sendo tomada \u00e9 o redirecionamento de algumas c\u00e2meras existentes no bairro, ampliando o \u00e2ngulo de vis\u00e3o das ruas &#8211; o que ajuda a inibir a a\u00e7\u00e3o criminosa. \u201cAl\u00e9m disso, vamos colocar uma outra em local estrat\u00e9gico que cubra a \u00e1rea central do bairro, pr\u00f3ximo \u00e0 pra\u00e7a, alcan\u00e7ando toda a \u00e1rea comercial\u201d, completou.<\/p>\n<p><strong>Popula\u00e7\u00e3o<\/strong><br \/>\nO secret\u00e1rio Paulo Galv\u00e3o aproveitou para falar da quest\u00e3o que envolve o com\u00e9rcio clandestino, especialmente a pirataria. Ele pediu que a popula\u00e7\u00e3o tamb\u00e9m fa\u00e7a a sua parte, pois o aumento da presen\u00e7a de vendedores de m\u00eddias piratas nas ruas da cidade \u00e9 reflexo tamb\u00e9m do consumo.<\/p>\n<p>Sobre a reuni\u00e3o com o pessoal do bairro, Paulo Galv\u00e3o elogiou a iniciativa e disse que \u00e9 exatamente isso que a administra\u00e7\u00e3o deseja. <\/p>\n<p><strong>Informa\u00e7\u00e3o <\/strong><br \/>\nO diretor de Comunica\u00e7\u00e3o Social da Prefeitura, Emerson Leite, enfatizou a comunica\u00e7\u00e3o de maneira geral como aliada das for\u00e7as policiais no combate \u00e0 criminalidade. Segundo ele, as pessoas podem se informar sobre todas as a\u00e7\u00f5es da Prefeitura neste portal. <\/p>\n<p><em><strong>Assessoria de Imprensa<br \/>\nFot\u00f3grafos PMJ <\/strong><\/em><\/p>\n","protected":false},"excerpt":{"rendered":"<p>Remanejamento de c\u00e2meras para inibir a\u00e7\u00e3o criminosa e outras medidas foram anunciadas em encontro<\/p>\n","protected":false},"author":10,"featured_media":0,"comment_status":"closed","ping_status":"closed","sticky":false,"template":"","format":"standard","meta":{"footnotes":""},"categories":[2],"tags":[],"ods":[],"class_list":["post-72144","post","type-post","status-publish","format-standard","hentry","category-noticias"],"_links":{"self":[{"href":"https:\/\/jundiai.sp.gov.br\/noticias\/wp-json\/wp\/v2\/posts\/72144","targetHints":{"allow":["GET"]}}],"collection":[{"href":"https:\/\/jundiai.sp.gov.br\/noticias\/wp-json\/wp\/v2\/posts"}],"about":[{"href":"https:\/\/jundiai.sp.gov.br\/noticias\/wp-json\/wp\/v2\/types\/post"}],"author":[{"embeddable":true,"href":"https:\/\/jundiai.sp.gov.br\/noticias\/wp-json\/wp\/v2\/users\/10"}],"replies":[{"embeddable":true,"href":"https:\/\/jundiai.sp.gov.br\/noticias\/wp-json\/wp\/v2\/comments?post=72144"}],"version-history":[{"count":2,"href":"https:\/\/jundiai.sp.gov.br\/noticias\/wp-json\/wp\/v2\/posts\/72144\/revisions"}],"predecessor-version":[{"id":126105,"href":"https:\/\/jundiai.sp.gov.br\/noticias\/wp-json\/wp\/v2\/posts\/72144\/revisions\/126105"}],"wp:attachment":[{"href":"https:\/\/jundiai.sp.gov.br\/noticias\/wp-json\/wp\/v2\/media?parent=72144"}],"wp:term":[{"taxonomy":"category","embeddable":true,"href":"https:\/\/jundiai.sp.gov.br\/noticias\/wp-json\/wp\/v2\/categories?post=72144"},{"taxonomy":"post_tag","embeddable":true,"href":"https:\/\/jundiai.sp.gov.br\/noticias\/wp-json\/wp\/v2\/tags?post=72144"},{"taxonomy":"ods","embeddable":true,"href":"https:\/\/jundiai.sp.gov.br\/noticias\/wp-json\/wp\/v2\/ods?post=72144"}],"curies":[{"name":"wp","href":"https:\/\/api.w.org\/{rel}","templated":true}]}}