{"id":72160,"date":"2013-10-10T19:10:21","date_gmt":"2013-10-10T22:10:21","guid":{"rendered":"https:\/\/jundiai.sp.gov.br\/noticias\/?p=72160"},"modified":"2016-11-04T10:55:19","modified_gmt":"2016-11-04T12:55:19","slug":"professora-de-jundiai-e-premiada-no-rota-da-educacao","status":"publish","type":"post","link":"https:\/\/jundiai.sp.gov.br\/noticias\/2013\/10\/10\/professora-de-jundiai-e-premiada-no-rota-da-educacao\/","title":{"rendered":"Professora \u00e9 premiada no Rota da Educa\u00e7\u00e3o"},"content":{"rendered":"<p>Adriana L\u00facia dos Santos, professora da Emeb Jos\u00e9 Sciamarelli Sobrinho, do bairro Chambirra, em Jundia\u00ed, foi premiada no Concurso Cultural Rota da Educa\u00e7\u00e3o, promovido pela Concession\u00e1ria Rota das Bandeiras. O concurso teve como objetivo formar motoristas e pedestres mais conscientes e Adriana L\u00facia foi premiada em segundo lugar na categoria voltada aos educadores.<\/p>\n<p><strong>Mais<br \/>\n<a href=\"https:\/\/jundiai.sp.gov.br\/noticias\/2013\/10\/projeto-cadeira-de-rodas-inicia-levantamento-para-segunda-fase\/\" target=\"_blank\">Projeto Cadeira de Rodas inicia levantamento<\/strong><\/a><br \/>\n<a href=\"https:\/\/jundiai.sp.gov.br\/noticias\/2013\/10\/setransp-reforca-linhas-de-onibus-neste-sabado-12\/\" target=\"_blank\"><strong>Setransp refor\u00e7a linhas de \u00f4nibus neste s\u00e1bado (12)<\/strong><\/a><\/p>\n<p><div id=\"attachment_126095\" style=\"width: 410px\" class=\"wp-caption alignleft\"><a href=\"https:\/\/jundiai.sp.gov.br\/noticias\/wp-content\/uploads\/sites\/32\/2013\/10\/adriana_recebendo_premio_1G1.jpg\"><img loading=\"lazy\" decoding=\"async\" aria-describedby=\"caption-attachment-126095\" src=\"https:\/\/jundiai.sp.gov.br\/noticias\/wp-content\/uploads\/sites\/32\/2013\/10\/adriana_recebendo_premio_1G1-720x786.jpg\" alt=\"Adriana ganhou um notebook e a escola recebeu 47 livros\" width=\"400\" height=\"380\" class=\"size-large wp-image-126095\" \/><\/a><p id=\"caption-attachment-126095\" class=\"wp-caption-text\">Adriana ganhou um notebook e a escola recebeu 47 livros<\/p><\/div>O evento foi realizado na C\u00e2mara Municipal de Valinhos e contou com a participa\u00e7\u00e3o de 150 crian\u00e7as de 11 munic\u00edpios do Corredor Dom Pedro em tr\u00eas categorias: alunos do 1\u00ba ano, alunos do 2\u00ba ano e professores.<\/p>\n<p>A professora Adriana L\u00facia ganhou o pr\u00eamio com um trabalho pedag\u00f3gico que desenvolveu com a turma do 1\u00ba ano da Emeb Jos\u00e9 Sciamarelli Sobrinho, envolvendo alunos e comunidade, com o objetivo de conscientiz\u00e1-los sobre a import\u00e2ncia da seguran\u00e7a no tr\u00e2nsito enquanto situa\u00e7\u00e3o de pedestres. <\/p>\n<p>O trabalho foi vinculado aos projetos de leitura e m\u00fasica j\u00e1 existentes na escola. \u201cO trabalho apresentado ensina a crian\u00e7a a ser solid\u00e1ria no tr\u00e2nsito&#8221;, explica a professora. &#8220;As crian\u00e7as fizeram desenhos, cartazes e os pais tamb\u00e9m participaram das brincadeiras que desenvolvemos.\u201d <\/p>\n<p>De acordo com Adriana, at\u00e9 o final do ano ainda ser\u00e3o realizadas mais atividades com os alunos na Emeb Jos\u00e9 Sciamarelli Sobrinho. \u201cOs alunos est\u00e3o tomando ci\u00eancia das a\u00e7\u00f5es certas e erradas em rela\u00e7\u00e3o \u00e0 seguran\u00e7a no tr\u00e2nsito. Este programa \u00e9 um trabalho muito importante, inclusive para o futuro\u201d, avaliou a educadora. A professora ganhou como pr\u00eamio um notebook e a escola recebeu 47 livros.<\/p>\n<p><strong>Concurso<\/strong><br \/>\nLan\u00e7ado em 2012, o programa Rota da Educa\u00e7\u00e3o oferece a alunos e professores da 1\u00aa a 5\u00aa s\u00e9ries do ensino fundamental disciplinas te\u00f3ricas e pr\u00e1ticas sobre mobilidade, cidadania e meio ambiente. Atualmente, est\u00e1 presente em 11 das 17 cidades que s\u00e3o cortadas pelas rodovias do Corredor D. Pedro, atendendo cerca de 3 mil alunos. Para 2014, a inten\u00e7\u00e3o da Rota das Bandeiras \u00e9 levar o projeto \u00e0s 17 cidades que s\u00e3o cortadas pelas rodovias do Corredor.<\/p>\n<p>A Rota das Bandeiras \u00e9 uma empresa da Odebrecht TransPort, investidora e operadora no Brasil em neg\u00f3cios relacionados \u00e0 mobilidade urbana, rodovias, sistemas integrados de log\u00edstica e aeroportos.<\/p>\n<p><em><strong>Rosana Pagano<br \/>\nFoto: Divulga\u00e7\u00e3o <\/strong><\/em><\/p>\n","protected":false},"excerpt":{"rendered":"<p>Adriana L\u00facia dos Santos, da Emeb Jos\u00e9 Sciamarelli Sobrinho, foi condecorada na categoria educadores  <\/p>\n","protected":false},"author":10,"featured_media":0,"comment_status":"closed","ping_status":"closed","sticky":false,"template":"","format":"standard","meta":{"footnotes":""},"categories":[2],"tags":[6],"ods":[],"class_list":["post-72160","post","type-post","status-publish","format-standard","hentry","category-noticias","tag-educacao"],"_links":{"self":[{"href":"https:\/\/jundiai.sp.gov.br\/noticias\/wp-json\/wp\/v2\/posts\/72160","targetHints":{"allow":["GET"]}}],"collection":[{"href":"https:\/\/jundiai.sp.gov.br\/noticias\/wp-json\/wp\/v2\/posts"}],"about":[{"href":"https:\/\/jundiai.sp.gov.br\/noticias\/wp-json\/wp\/v2\/types\/post"}],"author":[{"embeddable":true,"href":"https:\/\/jundiai.sp.gov.br\/noticias\/wp-json\/wp\/v2\/users\/10"}],"replies":[{"embeddable":true,"href":"https:\/\/jundiai.sp.gov.br\/noticias\/wp-json\/wp\/v2\/comments?post=72160"}],"version-history":[{"count":1,"href":"https:\/\/jundiai.sp.gov.br\/noticias\/wp-json\/wp\/v2\/posts\/72160\/revisions"}],"predecessor-version":[{"id":126096,"href":"https:\/\/jundiai.sp.gov.br\/noticias\/wp-json\/wp\/v2\/posts\/72160\/revisions\/126096"}],"wp:attachment":[{"href":"https:\/\/jundiai.sp.gov.br\/noticias\/wp-json\/wp\/v2\/media?parent=72160"}],"wp:term":[{"taxonomy":"category","embeddable":true,"href":"https:\/\/jundiai.sp.gov.br\/noticias\/wp-json\/wp\/v2\/categories?post=72160"},{"taxonomy":"post_tag","embeddable":true,"href":"https:\/\/jundiai.sp.gov.br\/noticias\/wp-json\/wp\/v2\/tags?post=72160"},{"taxonomy":"ods","embeddable":true,"href":"https:\/\/jundiai.sp.gov.br\/noticias\/wp-json\/wp\/v2\/ods?post=72160"}],"curies":[{"name":"wp","href":"https:\/\/api.w.org\/{rel}","templated":true}]}}