{"id":72357,"date":"2013-10-14T18:37:47","date_gmt":"2013-10-14T21:37:47","guid":{"rendered":"https:\/\/jundiai.sp.gov.br\/noticias\/?p=72357"},"modified":"2016-11-04T11:28:49","modified_gmt":"2016-11-04T13:28:49","slug":"dia-do-professor-na-rede-municipal-um-historico-de-conquistas","status":"publish","type":"post","link":"https:\/\/jundiai.sp.gov.br\/noticias\/2013\/10\/14\/dia-do-professor-na-rede-municipal-um-historico-de-conquistas\/","title":{"rendered":"Um hist\u00f3rico de conquistas na rede de ensino"},"content":{"rendered":"<p><strong>\u201cA qualidade da nossa educa\u00e7\u00e3o se deve aos bons profissionais\u201d. A frase \u00e9 do professor Durval Orlato, secret\u00e1rio de Educa\u00e7\u00e3o e vice-prefeito de Jundia\u00ed, ao comentar sobre o Dia do Professor, cuja comemora\u00e7\u00e3o se d\u00e1 no dia 15 de outubro. E ele aproveita a data, tamb\u00e9m, para fazer um balan\u00e7o da educa\u00e7\u00e3o em Jundia\u00ed, cujo sucesso ele atribui ao trabalho de equipe. \u201cN\u00e3o posso parabenizar em um \u00fanico dia o que eles fazem o ano todo. Seria econ\u00f4mico demais\u201d, brinca.<\/strong><\/p>\n<p><strong>Mais<br \/>\n<a href=\"https:\/\/jundiai.sp.gov.br\/noticias\/2013\/10\/prefeito-assina-mais-de-r-2-milhoes-em-recursos-para-jundiai\/\" target=\"_blank\">Prefeito assina mais de R$ 2 milh\u00f5es em recursos para Jundia\u00ed<\/a><\/strong><\/p>\n<div id=\"attachment_127997\" style=\"width: 730px\" class=\"wp-caption aligncenter\"><a href=\"https:\/\/jundiai.sp.gov.br\/noticias\/wp-content\/uploads\/sites\/32\/2013\/10\/professores_sala_aula_escola_luiz_biela_souza_p_-37G1.jpg\"><img loading=\"lazy\" decoding=\"async\" aria-describedby=\"caption-attachment-127997\" src=\"https:\/\/jundiai.sp.gov.br\/noticias\/wp-content\/uploads\/sites\/32\/2013\/10\/professores_sala_aula_escola_luiz_biela_souza_p_-37G1-720x487.jpg\" alt=\"Profissionais da Educa\u00e7\u00e3o zelam pelo futuro de Jundia\u00ed: orgulho\" width=\"720\" height=\"487\" class=\"size-large wp-image-127997\" srcset=\"https:\/\/jundiai.sp.gov.br\/noticias\/wp-content\/uploads\/sites\/32\/2013\/10\/professores_sala_aula_escola_luiz_biela_souza_p_-37G1-720x487.jpg 720w, https:\/\/jundiai.sp.gov.br\/noticias\/wp-content\/uploads\/sites\/32\/2013\/10\/professores_sala_aula_escola_luiz_biela_souza_p_-37G1-300x203.jpg 300w, https:\/\/jundiai.sp.gov.br\/noticias\/wp-content\/uploads\/sites\/32\/2013\/10\/professores_sala_aula_escola_luiz_biela_souza_p_-37G1.jpg 1240w\" sizes=\"auto, (max-width: 720px) 100vw, 720px\" \/><\/a><p id=\"caption-attachment-127997\" class=\"wp-caption-text\">Profissionais da Educa\u00e7\u00e3o zelam pelo futuro de Jundia\u00ed: orgulho<\/p><\/div>\n<p>Elogios \u00e0 parte, n\u00e3o h\u00e1 como n\u00e3o enxergar a import\u00e2ncia dos professores da rede municipal, respons\u00e1veis pelos primeiros passos das crian\u00e7as rumo ao conhecimento. Em Jundia\u00ed, s\u00e3o 2,1 mil professores, mais da metade dos funcion\u00e1rios da Secretaria de Educa\u00e7\u00e3o.<\/p>\n<p>Para o pr\u00f3ximo ano, como anuncia o secret\u00e1rio Durval Orlato, dentro da reorganiza\u00e7\u00e3o do ensino ser\u00e3o contratados mais 120, para as disciplinas de Arte, Educa\u00e7\u00e3o F\u00edsica e Ingl\u00eas. \u201cEssas contrata\u00e7\u00f5es v\u00e3o contribuir para a implementa\u00e7\u00e3o da lei do 1\/3 extra classe, benef\u00edcio anunciado no final do primeiro semestre a todos os nossos professores, a partir do pr\u00f3ximo ano\u201d, diz.<\/p>\n<p>No momento em que Jundia\u00ed cresce, a exemplo de outras cidades brasileiras, h\u00e1 necessidade de uma reordena\u00e7\u00e3o do setor, de maneira a atender satisfatoriamente toda a demanda por vagas. Durval explica que, assim que assumiu, detectou a inexist\u00eancia de um planejamento estrat\u00e9gico de expans\u00e3o urbana. \u201cPara a educa\u00e7\u00e3o, \u00e9 importante saber para onde a cidade vai crescer, onde \u00e9 que vai haver essa movimenta\u00e7\u00e3o urbana\u201d, comenta.<\/p>\n<p>Hoje os futuros empreendimentos da cidade ajudam a manter um equil\u00edbrio, assumindo compromissos de contrapartidas que, al\u00e9m da constru\u00e7\u00e3o de novos espa\u00e7os para a educa\u00e7\u00e3o, contemplam tamb\u00e9m unidades de sa\u00fade.<\/p>\n<p><strong><br \/>\nConquistas<\/strong><br \/>\nAtualmente, o professor da rede tem contrato de 30 horas, das quais trabalha 25 horas com os alunos em sala de aula e em 5 horas faz capacita\u00e7\u00e3o e hora de estudo. Com a implanta\u00e7\u00e3o de um ter\u00e7o extra classe, o professor continuar\u00e1 com 30 horas, mas vai trabalhar 20 com o aluno e as outras 10 horas, ou seja um ter\u00e7o, vai usar em tr\u00eas momentos \u2013 capacita\u00e7\u00e3o, hora de estudo e tempo livre. \u201cO momento tempo livre \u00e9 o reconhecimento de que o professor trabalha fora da sala de aula, corrigindo provas, trabalhos e preparando aulas\u201d, explica o secret\u00e1rio.<\/p>\n<p>Al\u00e9m das Emebs e creches, a Secretaria de Educa\u00e7\u00e3o mant\u00e9m outros programas, nos quais est\u00e1 expressa a preocupa\u00e7\u00e3o com a qualidade e, dessa forma, recebendo da administra\u00e7\u00e3o constantes investimentos.<\/p>\n<div id=\"attachment_128000\" style=\"width: 730px\" class=\"wp-caption aligncenter\"><a href=\"https:\/\/jundiai.sp.gov.br\/noticias\/wp-content\/uploads\/sites\/32\/2013\/10\/capacitacao_professores_pq_uva_p_43G.jpg\"><img loading=\"lazy\" decoding=\"async\" aria-describedby=\"caption-attachment-128000\" src=\"https:\/\/jundiai.sp.gov.br\/noticias\/wp-content\/uploads\/sites\/32\/2013\/10\/capacitacao_professores_pq_uva_p_43G-720x461.jpg\" alt=\"Durval Orlato com os professores, durante capacita\u00e7\u00e3o em junho\" width=\"720\" height=\"461\" class=\"size-large wp-image-128000\" srcset=\"https:\/\/jundiai.sp.gov.br\/noticias\/wp-content\/uploads\/sites\/32\/2013\/10\/capacitacao_professores_pq_uva_p_43G-720x461.jpg 720w, https:\/\/jundiai.sp.gov.br\/noticias\/wp-content\/uploads\/sites\/32\/2013\/10\/capacitacao_professores_pq_uva_p_43G-300x192.jpg 300w, https:\/\/jundiai.sp.gov.br\/noticias\/wp-content\/uploads\/sites\/32\/2013\/10\/capacitacao_professores_pq_uva_p_43G.jpg 1240w\" sizes=\"auto, (max-width: 720px) 100vw, 720px\" \/><\/a><p id=\"caption-attachment-128000\" class=\"wp-caption-text\">Durval Orlato com os professores, durante capacita\u00e7\u00e3o em junho<\/p><\/div>\n<p><strong>Educa\u00e7\u00e3o inclusiva<\/strong><br \/>\nExistem 370 defici\u00eancias m\u00faltiplas cadastradas na rede municipal de Educa\u00e7\u00e3o, entre deficientes auditivos, visuais e f\u00edsicos, al\u00e9m de portadores de transtorno global do desenvolvimento. Para garantir a inclus\u00e3o destes alunos, dando-lhes condi\u00e7\u00f5es de igualdade com os demais, a Secretaria conta com o trabalho de 40 profissionais com especializa\u00e7\u00e3o na \u00e1rea, al\u00e9m de um professor psicomotricista. Ao todo, 22 salas de aula oferecem atendimento educacional especializado.<\/p>\n<p><strong>CMEJA<\/strong><br \/>\nO Centro Municipal de Educa\u00e7\u00e3o de Jovens e Adultos oferece, gratuitamente, oportunidade de estudo para jovens e adultos que, na idade regular, n\u00e3o tiveram acesso ou n\u00e3o deram continuidade aos Ensinos Fundamental e M\u00e9dio. Os cursos ocorrem em sistema presencial e semipresencial. Em 2014, o CEMEJA deve contar tamb\u00e9m com um curso t\u00e9cnico de inform\u00e1tica.<br \/>\n<strong><br \/>\nCentro de L\u00ednguas<\/strong><br \/>\nConhecer um outro idioma al\u00e9m do Portugu\u00eas \u00e9 quase uma obriga\u00e7\u00e3o, hoje em dia, para compor um bom curr\u00edculo profissional. Mas, nem sempre o or\u00e7amento dom\u00e9stico pode contemplar isso. Por isso, os cursos oferecidos gratuitamente pelo Centro de L\u00ednguas s\u00e3o sempre muito concorridos, durante todo o ano. Atualmente, s\u00e3o quatro idiomas: Ingl\u00eas, Espanhol, Italiano e Franc\u00eas. De acordo com o secret\u00e1rio Durval Orlato, a partir de 2014 entra na grade o curso de Libras, ou seja, linguagem de sinais.<\/p>\n<p><strong>Centro de Inform\u00e1tica<\/strong><br \/>\nOutro curso que atrai a aten\u00e7\u00e3o da popula\u00e7\u00e3o \u00e9 o de inform\u00e1tica, ministrado no Complexo Argos, atendendo a servidores municipais, estudantes, pais de alunos e pessoas em geral. Os cursos contam com quatro meses de dura\u00e7\u00e3o a cada m\u00f3dulo. A gest\u00e3o \u00e9 da Educa\u00e7\u00e3o e os professores e monitores, da Companhia de Inform\u00e1tica de Jundia\u00ed \u2013 Cijun.<br \/>\n<em><strong><br \/>\nPor Alcir de Oliveira<br \/>\nFotos: Paulo Gr\u00e9gio<\/strong><\/em><\/p>\n","protected":false},"excerpt":{"rendered":"<p>No Dia do Professor, uma boa not\u00edcia: para 2014 mais 120 docentes devem ser contratados  <\/p>\n","protected":false},"author":11,"featured_media":0,"comment_status":"closed","ping_status":"closed","sticky":false,"template":"","format":"standard","meta":{"footnotes":""},"categories":[2],"tags":[6],"ods":[],"class_list":["post-72357","post","type-post","status-publish","format-standard","hentry","category-noticias","tag-educacao"],"_links":{"self":[{"href":"https:\/\/jundiai.sp.gov.br\/noticias\/wp-json\/wp\/v2\/posts\/72357","targetHints":{"allow":["GET"]}}],"collection":[{"href":"https:\/\/jundiai.sp.gov.br\/noticias\/wp-json\/wp\/v2\/posts"}],"about":[{"href":"https:\/\/jundiai.sp.gov.br\/noticias\/wp-json\/wp\/v2\/types\/post"}],"author":[{"embeddable":true,"href":"https:\/\/jundiai.sp.gov.br\/noticias\/wp-json\/wp\/v2\/users\/11"}],"replies":[{"embeddable":true,"href":"https:\/\/jundiai.sp.gov.br\/noticias\/wp-json\/wp\/v2\/comments?post=72357"}],"version-history":[{"count":3,"href":"https:\/\/jundiai.sp.gov.br\/noticias\/wp-json\/wp\/v2\/posts\/72357\/revisions"}],"predecessor-version":[{"id":128001,"href":"https:\/\/jundiai.sp.gov.br\/noticias\/wp-json\/wp\/v2\/posts\/72357\/revisions\/128001"}],"wp:attachment":[{"href":"https:\/\/jundiai.sp.gov.br\/noticias\/wp-json\/wp\/v2\/media?parent=72357"}],"wp:term":[{"taxonomy":"category","embeddable":true,"href":"https:\/\/jundiai.sp.gov.br\/noticias\/wp-json\/wp\/v2\/categories?post=72357"},{"taxonomy":"post_tag","embeddable":true,"href":"https:\/\/jundiai.sp.gov.br\/noticias\/wp-json\/wp\/v2\/tags?post=72357"},{"taxonomy":"ods","embeddable":true,"href":"https:\/\/jundiai.sp.gov.br\/noticias\/wp-json\/wp\/v2\/ods?post=72357"}],"curies":[{"name":"wp","href":"https:\/\/api.w.org\/{rel}","templated":true}]}}