{"id":72656,"date":"2013-10-17T15:06:05","date_gmt":"2013-10-17T18:06:05","guid":{"rendered":"https:\/\/jundiai.sp.gov.br\/noticias\/?p=72656"},"modified":"2016-11-04T11:29:09","modified_gmt":"2016-11-04T13:29:09","slug":"para-as-funcoes-de-professor-e-diretor","status":"publish","type":"post","link":"https:\/\/jundiai.sp.gov.br\/noticias\/2013\/10\/17\/para-as-funcoes-de-professor-e-diretor\/","title":{"rendered":"Para as fun\u00e7\u00f5es de professor e diretor:"},"content":{"rendered":"<p>&#8211; ser brasileiro ou estrangeiro na forma da lei<\/p>\n<p>&#8211; ter, no m\u00ednimo, 18 anos de idade no ato da contrata\u00e7\u00e3o no servi\u00e7o p\u00fablico<\/p>\n<p>&#8211; estar em dia com as obriga\u00e7\u00f5es militares, se do sexo masculino.<\/p>\n<p>De acordo com os editais SMEE\/DAA 46, publicado na Imprensa Oficial n\u00famero 3859, do dia 16 de outubro, tamb\u00e9m dispon\u00edvel no portal da Prefeitura, para candidatos a diretor de escola s\u00e3o condi\u00e7\u00f5es espec\u00edficas:<\/p>\n<p>&#8211; Possuir diploma registrado no \u00f3rg\u00e3o t\u00e9cnico competente ou protocolo do pedido de registro da licenciatura plena em pedagogia, com habilita\u00e7\u00e3o em administra\u00e7\u00e3o escolar ou outro curso de n\u00edvel superior, na \u00e1rea da educa\u00e7\u00e3o, com p\u00f3s-gradua\u00e7\u00e3o espec\u00edfica para o exerc\u00edcio do cargo, conforme o artigo 64 da Lei Federal n\u00ba 9394\/96.<\/p>\n<p>&#8211; Possuir tr\u00eas anos de exerc\u00edcio como titular do cargo no magist\u00e9rio p\u00fablico municipal ou estadual.<\/p>\n<p>&#8211; Estar em exerc\u00edcio, no ato da inscri\u00e7\u00e3o e durante o desempenho da fun\u00e7\u00e3o, como titular de cargo em Escola do Sistema Municipal de Ensino de Jundia\u00ed.<\/p>\n<p>&#8211; Ter conclu\u00eddo o per\u00edodo probat\u00f3rio conforme estabelecido em lei.<\/p>\n","protected":false},"excerpt":{"rendered":"<p>&#8211; ser brasileiro ou estrangeiro na forma da lei &#8211; ter, no m\u00ednimo, 18 anos de idade no ato da contrata\u00e7\u00e3o no servi\u00e7o p\u00fablico &#8211; estar em dia com as obriga\u00e7\u00f5es militares, se do sexo masculino. De acordo com os editais SMEE\/DAA 46, publicado na Imprensa Oficial n\u00famero 3859, do dia 16 de outubro, tamb\u00e9m [&hellip;]<\/p>\n","protected":false},"author":11,"featured_media":0,"comment_status":"closed","ping_status":"closed","sticky":false,"template":"","format":"standard","meta":{"footnotes":""},"categories":[2],"tags":[6],"ods":[],"class_list":["post-72656","post","type-post","status-publish","format-standard","hentry","category-noticias","tag-educacao"],"_links":{"self":[{"href":"https:\/\/jundiai.sp.gov.br\/noticias\/wp-json\/wp\/v2\/posts\/72656","targetHints":{"allow":["GET"]}}],"collection":[{"href":"https:\/\/jundiai.sp.gov.br\/noticias\/wp-json\/wp\/v2\/posts"}],"about":[{"href":"https:\/\/jundiai.sp.gov.br\/noticias\/wp-json\/wp\/v2\/types\/post"}],"author":[{"embeddable":true,"href":"https:\/\/jundiai.sp.gov.br\/noticias\/wp-json\/wp\/v2\/users\/11"}],"replies":[{"embeddable":true,"href":"https:\/\/jundiai.sp.gov.br\/noticias\/wp-json\/wp\/v2\/comments?post=72656"}],"version-history":[{"count":1,"href":"https:\/\/jundiai.sp.gov.br\/noticias\/wp-json\/wp\/v2\/posts\/72656\/revisions"}],"predecessor-version":[{"id":181805,"href":"https:\/\/jundiai.sp.gov.br\/noticias\/wp-json\/wp\/v2\/posts\/72656\/revisions\/181805"}],"wp:attachment":[{"href":"https:\/\/jundiai.sp.gov.br\/noticias\/wp-json\/wp\/v2\/media?parent=72656"}],"wp:term":[{"taxonomy":"category","embeddable":true,"href":"https:\/\/jundiai.sp.gov.br\/noticias\/wp-json\/wp\/v2\/categories?post=72656"},{"taxonomy":"post_tag","embeddable":true,"href":"https:\/\/jundiai.sp.gov.br\/noticias\/wp-json\/wp\/v2\/tags?post=72656"},{"taxonomy":"ods","embeddable":true,"href":"https:\/\/jundiai.sp.gov.br\/noticias\/wp-json\/wp\/v2\/ods?post=72656"}],"curies":[{"name":"wp","href":"https:\/\/api.w.org\/{rel}","templated":true}]}}