{"id":73561,"date":"2013-10-28T14:40:06","date_gmt":"2013-10-28T16:40:06","guid":{"rendered":"https:\/\/jundiai.sp.gov.br\/noticias\/?p=73561"},"modified":"2016-11-04T11:26:44","modified_gmt":"2016-11-04T13:26:44","slug":"festa-portuguesa-encerra-com-grande-publico","status":"publish","type":"post","link":"https:\/\/jundiai.sp.gov.br\/noticias\/2013\/10\/28\/festa-portuguesa-encerra-com-grande-publico\/","title":{"rendered":"Festa Portuguesa encerra com grande p\u00fablico"},"content":{"rendered":"<p><strong>A 23\u00aa Festa Portuguesa da Vila Arens terminou neste domingo (27). Mais uma vez, a celebra\u00e7\u00e3o contou com a tradicional diversidade de pratos feitos \u00e0 base do bacalhau. O prefeito Pedro Bigardi e a primeira dama Margarete Geraldo Bigardi, junto de familiares, estiveram no local e prestigiaram o evento.<\/strong><\/p>\n<p><strong>Mais<br \/>\n<a href=\"https:\/\/jundiai.sp.gov.br\/noticias\/2013\/10\/confira-a-lista-dos-inscritos-no-curso-de-linguas\/\" target=\"_blank\">Confira a lista dos inscritos no curso de l\u00ednguas<\/a><\/strong><\/p>\n<div id=\"attachment_125368\" style=\"width: 730px\" class=\"wp-caption aligncenter\"><a href=\"https:\/\/jundiai.sp.gov.br\/noticias\/wp-content\/uploads\/sites\/32\/2013\/10\/FESTAPORTUG_A_1G.jpg\"><img loading=\"lazy\" decoding=\"async\" aria-describedby=\"caption-attachment-125368\" src=\"https:\/\/jundiai.sp.gov.br\/noticias\/wp-content\/uploads\/sites\/32\/2013\/10\/FESTAPORTUG_A_1G-720x464.jpg\" alt=\"Pedro, Margarete e o casal Cido e Doracy, da organiza\u00e7\u00e3o da festa\" width=\"720\" height=\"464\" class=\"size-large wp-image-125368\" srcset=\"https:\/\/jundiai.sp.gov.br\/noticias\/wp-content\/uploads\/sites\/32\/2013\/10\/FESTAPORTUG_A_1G-720x464.jpg 720w, https:\/\/jundiai.sp.gov.br\/noticias\/wp-content\/uploads\/sites\/32\/2013\/10\/FESTAPORTUG_A_1G-300x193.jpg 300w, https:\/\/jundiai.sp.gov.br\/noticias\/wp-content\/uploads\/sites\/32\/2013\/10\/FESTAPORTUG_A_1G.jpg 1240w\" sizes=\"auto, (max-width: 720px) 100vw, 720px\" \/><\/a><p id=\"caption-attachment-125368\" class=\"wp-caption-text\">Pedro, Margarete e o casal Cido e Doracy, da organiza\u00e7\u00e3o da festa<\/p><\/div>\n<p>De acordo com o presidente da comiss\u00e3o organizadora, Aparecido da Silva Pereira (Cido), o n\u00famero de visitantes que passaram pela Festa deve oscilar em torno de 30 mil pessoas desde o final de setembro.<\/p>\n<p>\u201cNossas festas tradicionais s\u00e3o um fen\u00f4meno muito bonito da cultura jundiaiense. S\u00e3o centenas de volunt\u00e1rios, muitas vezes marcando presen\u00e7a h\u00e1 muitos e muitos anos por valores que s\u00e3o solid\u00e1rios e n\u00e3o financeiros\u201d, elogiou o prefeito Pedro Bigardi.<\/p>\n<p>No caso da Festa Portuguesa, esse n\u00famero chegou perto de 400 volunt\u00e1rios. E, segundo os organizadores, o resultado depende de uma gest\u00e3o eficiente e da boa vontade de todos. O evento, ligado \u00e0 Par\u00f3quia Nossa Senhora da Concei\u00e7\u00e3o, contou com uma \u00e1rea externa de barracas de lanches e bolinhos, aberta nas noites de s\u00e1bado e nas tardes de domingo, e um restaurante interno (aberto aos domingos) com op\u00e7\u00f5es como a lasanha ou o escondidinho, ambos \u00e0 base do bacalhau. Tamb\u00e9m houve neste ano a cria\u00e7\u00e3o de um espa\u00e7o infantil.<\/p>\n<p>Uma dessas volunt\u00e1rias, dona Nina Cerioni, 87 anos, conta que participa desde antes da primeira festa. \u201cA gente fazia venda de doces para arrecadar os recursos\u201d, lembra. No extremo oposto est\u00e1 Yasmim Freij\u00f3, 8 anos, que participa com a m\u00e3e desde os dois anos de idade e exibia orgulhosa uma foto anterior ao lado do prefeito.<\/p>\n<p>Com uma pequena fita preta no peito, os volunt\u00e1rios da festa manifestavam o luto pela morte do padre Divo Binotto, tamb\u00e9m diretor do Col\u00e9gio Divino Salvador, falecido na quarta-feira (23).<\/p>\n<p>As pr\u00f3ximas edi\u00e7\u00f5es do evento ser\u00e3o beneficiadas pelo novo acesso \u00e0 Vila Arens na avenida Jos\u00e9 do Patroc\u00ednio (no sentido bairro-centro), que tem entrega prevista para os pr\u00f3ximos dias.<\/p>\n<div id=\"attachment_125370\" style=\"width: 730px\" class=\"wp-caption aligncenter\"><a href=\"https:\/\/jundiai.sp.gov.br\/noticias\/wp-content\/uploads\/sites\/32\/2013\/10\/FESTAPORTUG_A_2G11.jpg\"><img loading=\"lazy\" decoding=\"async\" aria-describedby=\"caption-attachment-125370\" src=\"https:\/\/jundiai.sp.gov.br\/noticias\/wp-content\/uploads\/sites\/32\/2013\/10\/FESTAPORTUG_A_2G11-720x270.jpg\" alt=\"Segundo expectativa dos organizadores, 30 mil pessoas devem ter passado pela festa\" width=\"720\" height=\"270\" class=\"size-large wp-image-125370\" srcset=\"https:\/\/jundiai.sp.gov.br\/noticias\/wp-content\/uploads\/sites\/32\/2013\/10\/FESTAPORTUG_A_2G11-720x270.jpg 720w, https:\/\/jundiai.sp.gov.br\/noticias\/wp-content\/uploads\/sites\/32\/2013\/10\/FESTAPORTUG_A_2G11-300x112.jpg 300w, https:\/\/jundiai.sp.gov.br\/noticias\/wp-content\/uploads\/sites\/32\/2013\/10\/FESTAPORTUG_A_2G11.jpg 1240w\" sizes=\"auto, (max-width: 720px) 100vw, 720px\" \/><\/a><p id=\"caption-attachment-125370\" class=\"wp-caption-text\">Segundo expectativa dos organizadores, 30 mil pessoas devem ter passado pela festa<\/p><\/div>\n<p><strong><em>Por Jos\u00e9 Arnaldo de Oliveira<\/em><br \/>\n<em> Fotos: Alessandro Rosman<\/em><\/strong><\/p>\n","protected":false},"excerpt":{"rendered":"<p>Evento t\u00edpico da regi\u00e3o da Vila Arens foi visitado por aproximadamente 30 mil pessoas durante os dias de festa<\/p>\n","protected":false},"author":11,"featured_media":0,"comment_status":"closed","ping_status":"closed","sticky":false,"template":"","format":"standard","meta":{"footnotes":""},"categories":[2],"tags":[249,58],"ods":[],"class_list":["post-73561","post","type-post","status-publish","format-standard","hentry","category-noticias","tag-23a-festa-portuguesa","tag-prefeito"],"_links":{"self":[{"href":"https:\/\/jundiai.sp.gov.br\/noticias\/wp-json\/wp\/v2\/posts\/73561","targetHints":{"allow":["GET"]}}],"collection":[{"href":"https:\/\/jundiai.sp.gov.br\/noticias\/wp-json\/wp\/v2\/posts"}],"about":[{"href":"https:\/\/jundiai.sp.gov.br\/noticias\/wp-json\/wp\/v2\/types\/post"}],"author":[{"embeddable":true,"href":"https:\/\/jundiai.sp.gov.br\/noticias\/wp-json\/wp\/v2\/users\/11"}],"replies":[{"embeddable":true,"href":"https:\/\/jundiai.sp.gov.br\/noticias\/wp-json\/wp\/v2\/comments?post=73561"}],"version-history":[{"count":2,"href":"https:\/\/jundiai.sp.gov.br\/noticias\/wp-json\/wp\/v2\/posts\/73561\/revisions"}],"predecessor-version":[{"id":125371,"href":"https:\/\/jundiai.sp.gov.br\/noticias\/wp-json\/wp\/v2\/posts\/73561\/revisions\/125371"}],"wp:attachment":[{"href":"https:\/\/jundiai.sp.gov.br\/noticias\/wp-json\/wp\/v2\/media?parent=73561"}],"wp:term":[{"taxonomy":"category","embeddable":true,"href":"https:\/\/jundiai.sp.gov.br\/noticias\/wp-json\/wp\/v2\/categories?post=73561"},{"taxonomy":"post_tag","embeddable":true,"href":"https:\/\/jundiai.sp.gov.br\/noticias\/wp-json\/wp\/v2\/tags?post=73561"},{"taxonomy":"ods","embeddable":true,"href":"https:\/\/jundiai.sp.gov.br\/noticias\/wp-json\/wp\/v2\/ods?post=73561"}],"curies":[{"name":"wp","href":"https:\/\/api.w.org\/{rel}","templated":true}]}}