{"id":73630,"date":"2013-10-29T16:11:09","date_gmt":"2013-10-29T18:11:09","guid":{"rendered":"https:\/\/jundiai.sp.gov.br\/noticias\/?p=73630"},"modified":"2016-11-04T11:26:48","modified_gmt":"2016-11-04T13:26:48","slug":"saude-prepara-campanha-fique-sabendo","status":"publish","type":"post","link":"https:\/\/jundiai.sp.gov.br\/noticias\/2013\/10\/29\/saude-prepara-campanha-fique-sabendo\/","title":{"rendered":"Sa\u00fade prepara campanha \u201cFique Sabendo\u201d"},"content":{"rendered":"<p>A Secretaria de Sa\u00fade realiza no fim de novembro, entre a segunda (25) e s\u00e1bado (30), a campanha organizada pelo CTA (Centro de Testagem e Aconselhamento) e o Programa DST\/AIDS para diagn\u00f3stico precoce da s\u00edndrome da imunodefici\u00eancia adquirida, que garante melhor qualidade de vida aos brasileiros atingidos pela doen\u00e7a. <\/p>\n<p>O evento vai estimular os testes r\u00e1pidos anti-HIV no pr\u00f3prio CTA (Vianelo), na UBS Retiro e na UBS Central, envolvendo tamb\u00e9m a\u00e7\u00f5es em todas as 37 unidades b\u00e1sicas de sa\u00fade e unidades de sa\u00fade da fam\u00edlia. As datas ser\u00e3o espec\u00edficas para os testes r\u00e1pidos. No CTA (rua Conde de Monsanto, 480, 1\u00ba andar, Vianelo) acontecer\u00e3o de segunda (25) a sexta (29), das 8h \u00e0s 16h. Na UBS Retiro (rua Maria L\u00facia de Almeida, 100) acontecem de segunda (25) a quarta (27), das 17h \u00e0s 20h. E na UBS Central (rua Jorge Zolner, 193) ser\u00e3o realizados na quinta (28) e sexta (29), das 17h \u00e0s 20h, e tamb\u00e9m no s\u00e1bado (30), das 9h \u00e0s 14h.  <\/p>\n<p><div id=\"attachment_125301\" style=\"width: 410px\" class=\"wp-caption alignleft\"><a href=\"https:\/\/jundiai.sp.gov.br\/noticias\/wp-content\/uploads\/sites\/32\/2013\/10\/aids_teatro_G.jpg\"><img loading=\"lazy\" decoding=\"async\" aria-describedby=\"caption-attachment-125301\" src=\"https:\/\/jundiai.sp.gov.br\/noticias\/wp-content\/uploads\/sites\/32\/2013\/10\/aids_teatro_G-720x481.jpg\" alt=\"Atores de pe\u00e7a teatral que aborda o tema: diagn\u00f3stico precoce evita danos maiores\" width=\"400\" height=\"350\" class=\"size-large wp-image-125301\" \/><\/a><p id=\"caption-attachment-125301\" class=\"wp-caption-text\">Atores de pe\u00e7a teatral que aborda o tema: diagn\u00f3stico precoce evita danos maiores<\/p><\/div>De acordo com a gerente do CTA, Maria de Lurdes Munhoz, os principais desafios para o enfrentamento da epidemia ainda s\u00e3o muitos, como atingir a diminui\u00e7\u00e3o de casos novos, alcan\u00e7ar n\u00edveis pr\u00f3ximos a 0% de transmiss\u00e3o materno infantil e acessar as popula\u00e7\u00f5es mais vulner\u00e1veis \u201csem promover discrimina\u00e7\u00e3o e estigma\u201d, diz.<\/p>\n<p><strong>Preven\u00e7\u00e3o<\/strong> \u2013 O principal ponto \u00e9 que o diagn\u00f3stico permite o tratamento e previne a manifesta\u00e7\u00e3o da doen\u00e7a, sendo fundamental na amplia\u00e7\u00e3o de estrat\u00e9gias de acesso facilitado ao teste anti-HIV. Al\u00e9m disso, evita tamb\u00e9m a transmiss\u00e3o involunt\u00e1ria da mesma. <\/p>\n<p>O diagn\u00f3stico tardio \u00e9 respons\u00e1vel por oito \u00f3bitos por dia no Estado de S\u00e3o Paulo, percentual mais elevado do que em Jundia\u00ed. De acordo com dados da coordena\u00e7\u00e3o estadual do setor, com base em n\u00fameros de 2011, a AIDS \u00e9 a segunda causa de morte entre mulheres de 25 a 44 anos e a quarta entre homens da mesma faixa et\u00e1ria. <\/p>\n<p>A Prefeitura de Jundia\u00ed tem atuado em atividades preventivas com a presen\u00e7a da &#8220;barraca da camisinha&#8221; em diversos eventos p\u00fablicos. O CTA tamb\u00e9m promove interven\u00e7\u00f5es como da pe\u00e7a &#8220;Cobrindo a Megera, de Olho na Fera&#8221;, da Cia. Paulista de Artes, levada em 1\u00ba de setembro ao evento de anivers\u00e1rio do Programa Escola da Fam\u00edlia, no Parque da Cidade. A data de refer\u00eancia do programa \u00e9 1\u00ba de Dezembro, que celebra o Dia Mundial de Combate \u00e0 Aids.<\/p>\n<p><em><strong>Jos\u00e9 Arnaldo de Oliveira<\/strong><\/em><\/p>\n","protected":false},"excerpt":{"rendered":"<p>A Secretaria de Sa\u00fade realiza no fim de novembro, entre a segunda (25) e s\u00e1bado (30), a campanha organizada pelo CTA (Centro de Testagem e Aconselhamento) e o Programa DST\/AIDS para diagn\u00f3stico precoce da s\u00edndrome da imunodefici\u00eancia adquirida, que garante melhor qualidade de vida aos brasileiros atingidos pela doen\u00e7a. O evento vai estimular os testes [&hellip;]<\/p>\n","protected":false},"author":10,"featured_media":0,"comment_status":"closed","ping_status":"closed","sticky":false,"template":"","format":"standard","meta":{"footnotes":""},"categories":[2],"tags":[3],"ods":[],"class_list":["post-73630","post","type-post","status-publish","format-standard","hentry","category-noticias","tag-saude"],"_links":{"self":[{"href":"https:\/\/jundiai.sp.gov.br\/noticias\/wp-json\/wp\/v2\/posts\/73630","targetHints":{"allow":["GET"]}}],"collection":[{"href":"https:\/\/jundiai.sp.gov.br\/noticias\/wp-json\/wp\/v2\/posts"}],"about":[{"href":"https:\/\/jundiai.sp.gov.br\/noticias\/wp-json\/wp\/v2\/types\/post"}],"author":[{"embeddable":true,"href":"https:\/\/jundiai.sp.gov.br\/noticias\/wp-json\/wp\/v2\/users\/10"}],"replies":[{"embeddable":true,"href":"https:\/\/jundiai.sp.gov.br\/noticias\/wp-json\/wp\/v2\/comments?post=73630"}],"version-history":[{"count":1,"href":"https:\/\/jundiai.sp.gov.br\/noticias\/wp-json\/wp\/v2\/posts\/73630\/revisions"}],"predecessor-version":[{"id":125303,"href":"https:\/\/jundiai.sp.gov.br\/noticias\/wp-json\/wp\/v2\/posts\/73630\/revisions\/125303"}],"wp:attachment":[{"href":"https:\/\/jundiai.sp.gov.br\/noticias\/wp-json\/wp\/v2\/media?parent=73630"}],"wp:term":[{"taxonomy":"category","embeddable":true,"href":"https:\/\/jundiai.sp.gov.br\/noticias\/wp-json\/wp\/v2\/categories?post=73630"},{"taxonomy":"post_tag","embeddable":true,"href":"https:\/\/jundiai.sp.gov.br\/noticias\/wp-json\/wp\/v2\/tags?post=73630"},{"taxonomy":"ods","embeddable":true,"href":"https:\/\/jundiai.sp.gov.br\/noticias\/wp-json\/wp\/v2\/ods?post=73630"}],"curies":[{"name":"wp","href":"https:\/\/api.w.org\/{rel}","templated":true}]}}