{"id":74081,"date":"2013-11-05T19:21:41","date_gmt":"2013-11-05T21:21:41","guid":{"rendered":"https:\/\/jundiai.sp.gov.br\/noticias\/?p=74081"},"modified":"2016-11-04T11:24:27","modified_gmt":"2016-11-04T13:24:27","slug":"banca-sobre-rodas-faz-sucesso-na-feira-livre-da-cidade","status":"publish","type":"post","link":"https:\/\/jundiai.sp.gov.br\/noticias\/2013\/11\/05\/banca-sobre-rodas-faz-sucesso-na-feira-livre-da-cidade\/","title":{"rendered":"Banca sobre rodas faz sucesso na feira livre da cidade"},"content":{"rendered":"<p>As feiras livres em Jundia\u00ed ganham cada vez mais um ar de modernidade. O exemplo mais recente \u00e9 a banca de Michela Giarola, que mant\u00e9m h\u00e1 10 anos um com\u00e9rcio de utilidades dom\u00e9sticas junto com o marido, Eduardo Fortes. Ela trocou a velha estrutura de madeira da barraca por um furg\u00e3o completamente adaptado.<\/p>\n<p>&#8220;Esta \u00e9 uma tend\u00eancia das feiras mais modernas. Em Curitiba (PR) j\u00e1 \u00e9 assim&#8221;, destaca o secret\u00e1rio Marcos Brunholi, de Agricultura, Abastecimento e Turismo.<\/p>\n<p><strong>Mais<br \/>\n<a href=\"https:\/\/jundiai.sp.gov.br\/noticias\/2013\/11\/confira-as-datas-e-locais-das-feiras-livres-em-jundiai\/\" target=\"_blank\">Confira as datas e locais das feiras livres em Jundia\u00ed<\/strong><\/a><\/p>\n<div id=\"attachment_127355\" style=\"width: 730px\" class=\"wp-caption aligncenter\"><a href=\"https:\/\/jundiai.sp.gov.br\/noticias\/wp-content\/uploads\/sites\/32\/2013\/11\/projeto_banca_feira_eduardo_michela_p_1G.jpg\"><img loading=\"lazy\" decoding=\"async\" aria-describedby=\"caption-attachment-127355\" src=\"https:\/\/jundiai.sp.gov.br\/noticias\/wp-content\/uploads\/sites\/32\/2013\/11\/projeto_banca_feira_eduardo_michela_p_1G-720x495.jpg\" alt=\"Michela e o marido mostram a novidade: agregar valor ao neg\u00f3cio\" width=\"720\" height=\"495\" class=\"size-large wp-image-127355\" srcset=\"https:\/\/jundiai.sp.gov.br\/noticias\/wp-content\/uploads\/sites\/32\/2013\/11\/projeto_banca_feira_eduardo_michela_p_1G-720x495.jpg 720w, https:\/\/jundiai.sp.gov.br\/noticias\/wp-content\/uploads\/sites\/32\/2013\/11\/projeto_banca_feira_eduardo_michela_p_1G-300x206.jpg 300w, https:\/\/jundiai.sp.gov.br\/noticias\/wp-content\/uploads\/sites\/32\/2013\/11\/projeto_banca_feira_eduardo_michela_p_1G.jpg 1240w\" sizes=\"auto, (max-width: 720px) 100vw, 720px\" \/><\/a><p id=\"caption-attachment-127355\" class=\"wp-caption-text\">Michela e o marido mostram a novidade: agregar valor ao neg\u00f3cio<\/p><\/div>\n<p>No caso de Michela e do marido, que vendem um pouco de tudo aquilo que comp\u00f5e os espa\u00e7os dom\u00e9sticos, a iniciativa \u00e9 pioneira. E como acomodar tantos produtos em um furg\u00e3o adaptado, sem perder a comodidade dos 10 metros que o velho tablado utilizava na feira? Michela conta que o segredo est\u00e1 na palavra &#8216;organiza\u00e7\u00e3o&#8217;.<\/p>\n<p>Os seis metros que deixaram para tr\u00e1s, para acomodar tudo nos quatro metros do furg\u00e3o modelo Towner, n\u00e3o fazem falta. Os clientes notam de cara a diferen\u00e7a e essa curiosidade est\u00e1 ajudando at\u00e9 no aumento do movimento na banca. Quer dizer, da banca m\u00f3vel.<\/p>\n<p>\u201cTemos centenas de produtos \u00e0 venda, al\u00e9m das ferramentas, n\u00e3o s\u00f3 as que comercializamos, como tamb\u00e9m as usadas nos consertos\u201d, diz Eduardo, que, inclusive, cuidou da maior parte do trabalho de adapta\u00e7\u00e3o do ve\u00edculo. Experi\u00eancia n\u00e3o lhe falta, j\u00e1 que \u00e9 o &#8220;cirurgi\u00e3o&#8221; das panelas que chegam \u00e0 banca para serem restauradas.<\/p>\n<p><strong>Hist\u00f3ria<\/strong><br \/>\nMichela tem uma rela\u00e7\u00e3o desde crian\u00e7a com a feira livre, gra\u00e7as aos pais que trabalharam at\u00e9 alguns anos atr\u00e1s com verduras e legumes.<\/p>\n<p>Apesar de o conceito n\u00e3o ser novo, n\u00e3o deixa de ser novidade a utiliza\u00e7\u00e3o da banca m\u00f3vel para outro tipo de com\u00e9rcio que n\u00e3o seja de produtos aliment\u00edcios, como os queijos &#8211; j\u00e1 comercializados em furg\u00f5es adptados. <\/p>\n<p>\u201cPesquisei na internet e n\u00e3o encontrei nada do g\u00eanero, apenas adapta\u00e7\u00f5es para venda de alimentos\u201d, conta Michela, que faz quest\u00e3o de destacar a praticidade de higieniza\u00e7\u00e3o das prateleiras. \u201cPosso lavar tudo, jogar muita \u00e1gua, pois foram projetadas para isso\u201d, conta.<\/p>\n<div id=\"attachment_127357\" style=\"width: 730px\" class=\"wp-caption aligncenter\"><a href=\"https:\/\/jundiai.sp.gov.br\/noticias\/wp-content\/uploads\/sites\/32\/2013\/11\/caminhao_banca_1G1.jpg\"><img loading=\"lazy\" decoding=\"async\" aria-describedby=\"caption-attachment-127357\" src=\"https:\/\/jundiai.sp.gov.br\/noticias\/wp-content\/uploads\/sites\/32\/2013\/11\/caminhao_banca_1G1-720x514.jpg\" alt=\"Furg\u00e3o perde em tamanho para antiga banca, mas ganha em praticidade\" width=\"720\" height=\"514\" class=\"size-large wp-image-127357\" srcset=\"https:\/\/jundiai.sp.gov.br\/noticias\/wp-content\/uploads\/sites\/32\/2013\/11\/caminhao_banca_1G1-720x514.jpg 720w, https:\/\/jundiai.sp.gov.br\/noticias\/wp-content\/uploads\/sites\/32\/2013\/11\/caminhao_banca_1G1-300x214.jpg 300w, https:\/\/jundiai.sp.gov.br\/noticias\/wp-content\/uploads\/sites\/32\/2013\/11\/caminhao_banca_1G1.jpg 1240w\" sizes=\"auto, (max-width: 720px) 100vw, 720px\" \/><\/a><p id=\"caption-attachment-127357\" class=\"wp-caption-text\">Furg\u00e3o perde em tamanho para antiga banca, mas ganha em praticidade<\/p><\/div>\n<p><em><strong>Alcir de Oliveira<br \/>\nFoto: Paulo Gr\u00e9gio<\/strong><\/em><\/p>\n","protected":false},"excerpt":{"rendered":"<p>Conhe\u00e7a a hist\u00f3ria do permission\u00e1rio que trocou a velha banca de madeira por um furg\u00e3o todo adaptado  <\/p>\n","protected":false},"author":10,"featured_media":0,"comment_status":"closed","ping_status":"closed","sticky":false,"template":"","format":"standard","meta":{"footnotes":""},"categories":[2],"tags":[41],"ods":[],"class_list":["post-74081","post","type-post","status-publish","format-standard","hentry","category-noticias","tag-agricultura-abastecimento-e-turismo"],"_links":{"self":[{"href":"https:\/\/jundiai.sp.gov.br\/noticias\/wp-json\/wp\/v2\/posts\/74081","targetHints":{"allow":["GET"]}}],"collection":[{"href":"https:\/\/jundiai.sp.gov.br\/noticias\/wp-json\/wp\/v2\/posts"}],"about":[{"href":"https:\/\/jundiai.sp.gov.br\/noticias\/wp-json\/wp\/v2\/types\/post"}],"author":[{"embeddable":true,"href":"https:\/\/jundiai.sp.gov.br\/noticias\/wp-json\/wp\/v2\/users\/10"}],"replies":[{"embeddable":true,"href":"https:\/\/jundiai.sp.gov.br\/noticias\/wp-json\/wp\/v2\/comments?post=74081"}],"version-history":[{"count":2,"href":"https:\/\/jundiai.sp.gov.br\/noticias\/wp-json\/wp\/v2\/posts\/74081\/revisions"}],"predecessor-version":[{"id":127358,"href":"https:\/\/jundiai.sp.gov.br\/noticias\/wp-json\/wp\/v2\/posts\/74081\/revisions\/127358"}],"wp:attachment":[{"href":"https:\/\/jundiai.sp.gov.br\/noticias\/wp-json\/wp\/v2\/media?parent=74081"}],"wp:term":[{"taxonomy":"category","embeddable":true,"href":"https:\/\/jundiai.sp.gov.br\/noticias\/wp-json\/wp\/v2\/categories?post=74081"},{"taxonomy":"post_tag","embeddable":true,"href":"https:\/\/jundiai.sp.gov.br\/noticias\/wp-json\/wp\/v2\/tags?post=74081"},{"taxonomy":"ods","embeddable":true,"href":"https:\/\/jundiai.sp.gov.br\/noticias\/wp-json\/wp\/v2\/ods?post=74081"}],"curies":[{"name":"wp","href":"https:\/\/api.w.org\/{rel}","templated":true}]}}