{"id":74087,"date":"2013-11-05T19:23:14","date_gmt":"2013-11-05T21:23:14","guid":{"rendered":"https:\/\/jundiai.sp.gov.br\/noticias\/?p=74087"},"modified":"2016-11-04T11:24:28","modified_gmt":"2016-11-04T13:24:28","slug":"confira-as-datas-e-locais-das-feiras-livres-em-jundiai","status":"publish","type":"post","link":"https:\/\/jundiai.sp.gov.br\/noticias\/2013\/11\/05\/confira-as-datas-e-locais-das-feiras-livres-em-jundiai\/","title":{"rendered":"Confira as datas e locais das feiras livres em Jundia\u00ed"},"content":{"rendered":"<p><strong>Ter\u00e7a-feira<\/strong><br \/>\n<strong>Centro<\/strong> \u2013 Rua Leonardo Cavalcanti<br \/>\n<strong>Vila Comercial<\/strong> \u2013 Rua Angelino Queiroz Guimar\u00e3es<br \/>\n<strong>Vila Jundiain\u00f3polis<\/strong> \u2013 Rua Legion\u00e1rio da P\u00e1tria<\/p>\n<p><strong>Quarta-feira<\/strong><br \/>\nPonte S\u00e3o Jo\u00e3o \u2013 R. Jos\u00e9 Di Fiore<br \/>\nVila Hortol\u00e2ndia \u2013 Pra\u00e7a Joaquim Soares de Lemos<\/p>\n<p><strong>Quinta-feira<\/strong><br \/>\nAnhangaba\u00fa &#8211; Estacionamento do Bol\u00e3o<br \/>\nVila Progresso \u2013 Av. Samuel Martins, com a Rua Anita Garibaldi, com a Rua Tibiri\u00e7a, Rua Bento Pires, Rua Francisco Telles e Pra\u00e7a Guilherme Enfeld.<\/p>\n<p><strong>Sexta-feira<\/strong><br \/>\nVila Liberdade \u2013 Av. Itatiba e Rua Jorge de Lima<br \/>\nJardim Tamoio \u2013 Rua Tenente Jos\u00e9 Palermo<br \/>\nRetiro \u2013 Av. Monsenhor Higino Campos<\/p>\n<p><strong>S\u00e1bado<\/strong><br \/>\nParque Eloy Chaves \u2013 Rua Hugo Milani<br \/>\nVianelo \u2013 R. Fortunato Mori<\/p>\n<p><strong>Domingo<\/strong><br \/>\nVila Arens &#8211; Av. Uni\u00e3o dos Ferrovi\u00e1rios (entre a Rua Bar\u00e3o do Rio Branco e Rua Leonardo Scapin)<br \/>\nJundia\u00ed &#8211; Mirim \u2013 Rua Vit\u00f3rio Pavan<\/p>\n","protected":false},"excerpt":{"rendered":"<p>Ter\u00e7a-feira Centro \u2013 Rua Leonardo Cavalcanti Vila Comercial \u2013 Rua Angelino Queiroz Guimar\u00e3es Vila Jundiain\u00f3polis \u2013 Rua Legion\u00e1rio da P\u00e1tria Quarta-feira Ponte S\u00e3o Jo\u00e3o \u2013 R. Jos\u00e9 Di Fiore Vila Hortol\u00e2ndia \u2013 Pra\u00e7a Joaquim Soares de Lemos Quinta-feira Anhangaba\u00fa &#8211; Estacionamento do Bol\u00e3o Vila Progresso \u2013 Av. Samuel Martins, com a Rua Anita Garibaldi, com [&hellip;]<\/p>\n","protected":false},"author":10,"featured_media":0,"comment_status":"closed","ping_status":"closed","sticky":false,"template":"","format":"standard","meta":{"footnotes":""},"categories":[2],"tags":[41],"ods":[],"class_list":["post-74087","post","type-post","status-publish","format-standard","hentry","category-noticias","tag-agricultura-abastecimento-e-turismo"],"_links":{"self":[{"href":"https:\/\/jundiai.sp.gov.br\/noticias\/wp-json\/wp\/v2\/posts\/74087","targetHints":{"allow":["GET"]}}],"collection":[{"href":"https:\/\/jundiai.sp.gov.br\/noticias\/wp-json\/wp\/v2\/posts"}],"about":[{"href":"https:\/\/jundiai.sp.gov.br\/noticias\/wp-json\/wp\/v2\/types\/post"}],"author":[{"embeddable":true,"href":"https:\/\/jundiai.sp.gov.br\/noticias\/wp-json\/wp\/v2\/users\/10"}],"replies":[{"embeddable":true,"href":"https:\/\/jundiai.sp.gov.br\/noticias\/wp-json\/wp\/v2\/comments?post=74087"}],"version-history":[{"count":1,"href":"https:\/\/jundiai.sp.gov.br\/noticias\/wp-json\/wp\/v2\/posts\/74087\/revisions"}],"predecessor-version":[{"id":181866,"href":"https:\/\/jundiai.sp.gov.br\/noticias\/wp-json\/wp\/v2\/posts\/74087\/revisions\/181866"}],"wp:attachment":[{"href":"https:\/\/jundiai.sp.gov.br\/noticias\/wp-json\/wp\/v2\/media?parent=74087"}],"wp:term":[{"taxonomy":"category","embeddable":true,"href":"https:\/\/jundiai.sp.gov.br\/noticias\/wp-json\/wp\/v2\/categories?post=74087"},{"taxonomy":"post_tag","embeddable":true,"href":"https:\/\/jundiai.sp.gov.br\/noticias\/wp-json\/wp\/v2\/tags?post=74087"},{"taxonomy":"ods","embeddable":true,"href":"https:\/\/jundiai.sp.gov.br\/noticias\/wp-json\/wp\/v2\/ods?post=74087"}],"curies":[{"name":"wp","href":"https:\/\/api.w.org\/{rel}","templated":true}]}}