{"id":74208,"date":"2013-11-07T17:05:35","date_gmt":"2013-11-07T19:05:35","guid":{"rendered":"https:\/\/jundiai.sp.gov.br\/noticias\/?p=74208"},"modified":"2016-11-04T11:24:31","modified_gmt":"2016-11-04T13:24:31","slug":"primeira-dama-e-secretarios-serao-homenageados-pela-camara","status":"publish","type":"post","link":"https:\/\/jundiai.sp.gov.br\/noticias\/2013\/11\/07\/primeira-dama-e-secretarios-serao-homenageados-pela-camara\/","title":{"rendered":"Primeira-dama e secret\u00e1rios ser\u00e3o homenageados"},"content":{"rendered":"<p>A C\u00e2mara Municipal de Jundia\u00ed realiza nesta sexta-feira (8), \u00e0s 19h, no Teatro Polytheama, a segunda sess\u00e3o solene desta 16\u00aa legislatura. A primeira-dama de Jundia\u00ed, Margarete Geraldo Bigardi, presidente do Fundo Social de Solidariedade, ser\u00e1 uma das agraciadas com a Medalha Petronilha Antunes, por meio de projeto de decreto legislativo apresentado pelo vereador Rafael Purgato.<\/p>\n<div id=\"attachment_124914\" style=\"width: 730px\" class=\"wp-caption aligncenter\"><a href=\"https:\/\/jundiai.sp.gov.br\/noticias\/wp-content\/uploads\/sites\/32\/2013\/11\/margarete_claudio_zeca_1G.jpg\"><img loading=\"lazy\" decoding=\"async\" aria-describedby=\"caption-attachment-124914\" src=\"https:\/\/jundiai.sp.gov.br\/noticias\/wp-content\/uploads\/sites\/32\/2013\/11\/margarete_claudio_zeca_1G-720x285.jpg\" alt=\"Homenageados estar\u00e3o nesta sexta (8) no Teatro Polytheama\" width=\"720\" height=\"285\" class=\"size-large wp-image-124914\" srcset=\"https:\/\/jundiai.sp.gov.br\/noticias\/wp-content\/uploads\/sites\/32\/2013\/11\/margarete_claudio_zeca_1G-720x285.jpg 720w, https:\/\/jundiai.sp.gov.br\/noticias\/wp-content\/uploads\/sites\/32\/2013\/11\/margarete_claudio_zeca_1G-300x118.jpg 300w, https:\/\/jundiai.sp.gov.br\/noticias\/wp-content\/uploads\/sites\/32\/2013\/11\/margarete_claudio_zeca_1G.jpg 1240w\" sizes=\"auto, (max-width: 720px) 100vw, 720px\" \/><\/a><p id=\"caption-attachment-124914\" class=\"wp-caption-text\">Homenageados estar\u00e3o nesta sexta (8) no Teatro Polytheama<\/p><\/div>\n<p>Natural de Jundia\u00ed e esposa do prefeito Pedro Bigardi, desde cedo Margarete j\u00e1 despontava como personalidade atuante e carism\u00e1tica, participando de grupos de jovens e milit\u00e2ncias pol\u00edticas, na luta pela igualdade das classes sociais e pelos direitos dos menos favorecidos. \u00c9 por essa raz\u00e3o, tamb\u00e9m, que ela ocupa a presid\u00eancia do Fundo Social e contribui para a expans\u00e3o das a\u00e7\u00f5es e das pol\u00edticas p\u00fablicas voltadas \u00e0 popula\u00e7\u00e3o carente.<\/p>\n<p>Essas informa\u00e7\u00f5es, que constam na justificativa do projeto aprovado pelos vereadores, ressaltam tamb\u00e9m o perfil empreendedor da primeira-dama, que atuou por 20 anos no ramo da est\u00e9tica.<\/p>\n<p>Dois secret\u00e1rios da atual administra\u00e7\u00e3o municipal tamb\u00e9m ser\u00e3o agraciados com o t\u00edtulo de Cidad\u00e3o Jundiaiense: Jos\u00e9 Carlos Pires de Carvalho, baiano de Guanambi que assumiu a Casa Civil (projeto apresentado pelo vereador Rafael Purgato), e Cl\u00e1udio Miranda, de Lorena (SP), titular da pasta de Sa\u00fade (vereador Roberto Conde Andrade \u00e9 o autor).<\/p>\n<p><strong>T\u00edtulos<\/strong><br \/>\nNeste ano, ser\u00e3o entregues 21 t\u00edtulos de Cidad\u00e3o Jundiaiense, dois de Cidad\u00e3o Benem\u00e9rito, uma Ordem do M\u00e9rito, seis Medalhas Petronilha Antunes, um Diploma de Reconhecimento, um Diploma do M\u00e9rito Policial, tr\u00eas Diplomas do M\u00e9rito Esportivo, tr\u00eas Diplomas de Homenagem P\u00f3stuma, um Diploma do M\u00e9rito Religoso e uma Medalha \u201cHerbert de Souza \u2013 Betinho\u201d.<\/p>\n<p>As sess\u00f5es solenes t\u00eam como objetivo prestar homenagens a pessoas e entidades, como uma forma de exaltar o reconhecimento por trabalhos prestados. Exatamente por essa finalidade, ela ocorre fora de sua sede oficial.<br \/>\n<strong><br \/>\nPor Assessoria de Imprensa<br \/>\nFotos: fot\u00f3grafos &#8211; PMJ<\/strong><\/p>\n","protected":false},"excerpt":{"rendered":"<p>As sess\u00f5es solenes t\u00eam como objetivo prestar homenagens a pessoas e entidades<\/p>\n","protected":false},"author":11,"featured_media":0,"comment_status":"closed","ping_status":"closed","sticky":false,"template":"","format":"standard","meta":{"footnotes":""},"categories":[2],"tags":[428,62,3],"ods":[],"class_list":["post-74208","post","type-post","status-publish","format-standard","hentry","category-noticias","tag-camara-municipal","tag-casa-civil","tag-saude"],"_links":{"self":[{"href":"https:\/\/jundiai.sp.gov.br\/noticias\/wp-json\/wp\/v2\/posts\/74208","targetHints":{"allow":["GET"]}}],"collection":[{"href":"https:\/\/jundiai.sp.gov.br\/noticias\/wp-json\/wp\/v2\/posts"}],"about":[{"href":"https:\/\/jundiai.sp.gov.br\/noticias\/wp-json\/wp\/v2\/types\/post"}],"author":[{"embeddable":true,"href":"https:\/\/jundiai.sp.gov.br\/noticias\/wp-json\/wp\/v2\/users\/11"}],"replies":[{"embeddable":true,"href":"https:\/\/jundiai.sp.gov.br\/noticias\/wp-json\/wp\/v2\/comments?post=74208"}],"version-history":[{"count":1,"href":"https:\/\/jundiai.sp.gov.br\/noticias\/wp-json\/wp\/v2\/posts\/74208\/revisions"}],"predecessor-version":[{"id":124915,"href":"https:\/\/jundiai.sp.gov.br\/noticias\/wp-json\/wp\/v2\/posts\/74208\/revisions\/124915"}],"wp:attachment":[{"href":"https:\/\/jundiai.sp.gov.br\/noticias\/wp-json\/wp\/v2\/media?parent=74208"}],"wp:term":[{"taxonomy":"category","embeddable":true,"href":"https:\/\/jundiai.sp.gov.br\/noticias\/wp-json\/wp\/v2\/categories?post=74208"},{"taxonomy":"post_tag","embeddable":true,"href":"https:\/\/jundiai.sp.gov.br\/noticias\/wp-json\/wp\/v2\/tags?post=74208"},{"taxonomy":"ods","embeddable":true,"href":"https:\/\/jundiai.sp.gov.br\/noticias\/wp-json\/wp\/v2\/ods?post=74208"}],"curies":[{"name":"wp","href":"https:\/\/api.w.org\/{rel}","templated":true}]}}