{"id":74802,"date":"2013-11-14T16:58:25","date_gmt":"2013-11-14T18:58:25","guid":{"rendered":"https:\/\/jundiai.sp.gov.br\/noticias\/?p=74802"},"modified":"2016-11-04T11:22:49","modified_gmt":"2016-11-04T13:22:49","slug":"jundiai-sedia-liga-nacional-de-polo-aquatico","status":"publish","type":"post","link":"https:\/\/jundiai.sp.gov.br\/noticias\/2013\/11\/14\/jundiai-sedia-liga-nacional-de-polo-aquatico\/","title":{"rendered":"Jundia\u00ed sedia Liga Nacional de Polo Aqu\u00e1tico"},"content":{"rendered":"<p>Com apoio da Secretaria de Esportes, acontece a partir desta sexta-feira (15) a VI Liga Nacional de Polo Aqu\u00e1tico, cujos jogos ocorrer\u00e3o na piscina do Complexo Esportivo Nicolino de Lucca, o Bol\u00e3o, no Anhangaba\u00fa. A competi\u00e7\u00e3o vai at\u00e9 domingo (17) e tem organiza\u00e7\u00e3o do Clube Jundiaiense.<\/p>\n<p><strong>Mais<\/strong><br \/>\n<a href=\"https:\/\/jundiai.sp.gov.br\/noticias\/2013\/11\/brasileiro-conquista-titulo-da-organizacao-mundial-de-boxe\/\" target=\"_blank\"><strong> Brasileiro conquista t\u00edtulo da Organiza\u00e7\u00e3o Mundial de Boxe<\/strong><\/a><\/p>\n<p>Do evento, que faz parte do calend\u00e1rio oficial da Confedera\u00e7\u00e3o Brasileira de Desportos Aqu\u00e1ticos (CBDA), participar\u00e3o os campe\u00f5es e vices das etapas Norte\/Nordeste, Sul\/Centro-Oeste, Rio de Janeiro e S\u00e3o Paulo, sendo as seguintes equipes: Clube Amazonense (AM), Clube N\u00e1utico Cearense (CE), Clube Curitibano (PR), Polo Sul (RS), Clube Jundiaiense (SP), Clube Paineiras do Morumby (SP), Tijuca T\u00eanis Clube (RJ) e, como convidada, a Equipe B, do Club Athl\u00e9tico Paulistano (SP).<\/p>\n<p>Conforme o regulamento, os times ser\u00e3o divididos em dois grupos de quatro, quando jogar\u00e3o entre si, mais semifinais e finais, tendo in\u00edcio no dia 15 (sexta-feira), pela manh\u00e3, e finalizando no dia 17 (domingo), tamb\u00e9m pela manh\u00e3.<\/p>\n<p><strong>Superliga<\/strong><br \/>\nNo s\u00e1bado (16), ser\u00e1 realizada ainda uma rodada da \u201cSuperliga Nacional\u201d com a participa\u00e7\u00e3o de seis equipes profissionais (Sesi, Pinheiros, Flamengo, Fluminense, Botafogo e Paulistano), as quais contam com atletas, brasileiros e estrangeiros, de n\u00edvel ol\u00edmpico.<\/p>\n<p>\u201cA Liga \u00e9 praticamente um dos maiores campeonatos da modalidade desta temporada. Teremos os principais jogadores do Brasil presentes, al\u00e9m da cobertura da m\u00eddia espec\u00edfica\u201d, comentou o professor de polo aqu\u00e1tico do CJ, Ernesto Staeheli.<\/p>\n<p>Segundo ele, os aquapolistas do Clube Jundiaiense v\u00eam treinando e se preparando intensamente para essa competi\u00e7\u00e3o. Em 2012, o campeonato foi realizado em S\u00e3o Paulo e teve, como vice-campe\u00e3o, o Azul e Branco.<\/p>\n<p><em><strong>Por Assessoria de Imprensa<\/strong><\/em><\/p>\n","protected":false},"excerpt":{"rendered":"<p>Com apoio da Secretaria de Esportes, acontece a partir desta sexta-feira (15) a VI Liga Nacional de Polo Aqu\u00e1tico, cujos jogos ocorrer\u00e3o na piscina do Complexo Esportivo Nicolino de Lucca, o Bol\u00e3o, no Anhangaba\u00fa. A competi\u00e7\u00e3o vai at\u00e9 domingo (17) e tem organiza\u00e7\u00e3o do Clube Jundiaiense. Mais Brasileiro conquista t\u00edtulo da Organiza\u00e7\u00e3o Mundial de Boxe [&hellip;]<\/p>\n","protected":false},"author":11,"featured_media":0,"comment_status":"closed","ping_status":"closed","sticky":false,"template":"","format":"standard","meta":{"footnotes":""},"categories":[2],"tags":[35],"ods":[],"class_list":["post-74802","post","type-post","status-publish","format-standard","hentry","category-noticias","tag-esporte-e-lazer"],"_links":{"self":[{"href":"https:\/\/jundiai.sp.gov.br\/noticias\/wp-json\/wp\/v2\/posts\/74802","targetHints":{"allow":["GET"]}}],"collection":[{"href":"https:\/\/jundiai.sp.gov.br\/noticias\/wp-json\/wp\/v2\/posts"}],"about":[{"href":"https:\/\/jundiai.sp.gov.br\/noticias\/wp-json\/wp\/v2\/types\/post"}],"author":[{"embeddable":true,"href":"https:\/\/jundiai.sp.gov.br\/noticias\/wp-json\/wp\/v2\/users\/11"}],"replies":[{"embeddable":true,"href":"https:\/\/jundiai.sp.gov.br\/noticias\/wp-json\/wp\/v2\/comments?post=74802"}],"version-history":[{"count":1,"href":"https:\/\/jundiai.sp.gov.br\/noticias\/wp-json\/wp\/v2\/posts\/74802\/revisions"}],"predecessor-version":[{"id":181636,"href":"https:\/\/jundiai.sp.gov.br\/noticias\/wp-json\/wp\/v2\/posts\/74802\/revisions\/181636"}],"wp:attachment":[{"href":"https:\/\/jundiai.sp.gov.br\/noticias\/wp-json\/wp\/v2\/media?parent=74802"}],"wp:term":[{"taxonomy":"category","embeddable":true,"href":"https:\/\/jundiai.sp.gov.br\/noticias\/wp-json\/wp\/v2\/categories?post=74802"},{"taxonomy":"post_tag","embeddable":true,"href":"https:\/\/jundiai.sp.gov.br\/noticias\/wp-json\/wp\/v2\/tags?post=74802"},{"taxonomy":"ods","embeddable":true,"href":"https:\/\/jundiai.sp.gov.br\/noticias\/wp-json\/wp\/v2\/ods?post=74802"}],"curies":[{"name":"wp","href":"https:\/\/api.w.org\/{rel}","templated":true}]}}