{"id":75292,"date":"2013-11-22T15:27:12","date_gmt":"2013-11-22T17:27:12","guid":{"rendered":"https:\/\/jundiai.sp.gov.br\/noticias\/?p=75292"},"modified":"2016-11-04T11:22:19","modified_gmt":"2016-11-04T13:22:19","slug":"emprego-confira-as-vagas-do-pat-4","status":"publish","type":"post","link":"https:\/\/jundiai.sp.gov.br\/noticias\/2013\/11\/22\/emprego-confira-as-vagas-do-pat-4\/","title":{"rendered":"Emprego: Confira as vagas do PAT de Jundia\u00ed"},"content":{"rendered":"<p>O Posto de Atendimento ao Trabalhador (PAT) conta com vagas para diversos segmentos na semana de 25 de novembro. Os interessados devem comparecer \u00e0 rua Bar\u00e3o de Jundia\u00ed, 1.093, no Centro, de segunda a sexta-feira, das 8h \u00e0s 16h30. \u00c9 necess\u00e1rio levar CPF, RG, carteira de trabalho, PIS ou Cart\u00e3o do Cidad\u00e3o.<br \/>\nConfira as vagas:<\/p>\n<p><em>Ajudante de cozinha<br \/>\nAlimentador de linha de produ\u00e7\u00e3o<br \/>\nAtendente de balc\u00e3o<br \/>\nAuxiliar de cozinha<br \/>\nAuxiliar de limpeza<br \/>\nCarpinteiro<br \/>\nChefe de servi\u00e7o de limpeza<br \/>\nCortador de roupas<br \/>\nCostureira de maquina reta<br \/>\nCozinheiro de restaurante de ind\u00fastria<br \/>\nLigador de linhas telef\u00f4nicas<br \/>\nMec\u00e2nico de refrigera\u00e7\u00e3o<br \/>\nMeio oficial de mec\u00e2nico de refrigera\u00e7\u00e3o<br \/>\nMontador instalador de acess\u00f3rios<br \/>\nMotorista carreteiro<br \/>\nOficial de manuten\u00e7\u00e3o predial<br \/>\nOficial de servi\u00e7os gerais na manuten\u00e7\u00e3o de edifica\u00e7\u00f5es<br \/>\nOperador de caixa<br \/>\nPorteiro<br \/>\nPromotor de vendas<br \/>\nRastreador de sat\u00e9lite<br \/>\nServente de obras<br \/>\nServente de pedreiro<br \/>\nServente de servi\u00e7os gerais na conserva\u00e7\u00e3o de vias permanentes<br \/>\nVendedor porta a porta<\/em><\/p>\n<p><em><strong>Assessoria de Imprensa<\/strong><\/em><\/p>\n","protected":false},"excerpt":{"rendered":"<p>Interessados devem ir \u00e0 rua Bar\u00e3o de Jundia\u00ed, 1.093, no Centro, de segunda a sexta, das 8h \u00e0s 16h30<\/p>\n","protected":false},"author":10,"featured_media":0,"comment_status":"closed","ping_status":"closed","sticky":false,"template":"","format":"standard","meta":{"footnotes":""},"categories":[2],"tags":[],"ods":[],"class_list":["post-75292","post","type-post","status-publish","format-standard","hentry","category-noticias"],"_links":{"self":[{"href":"https:\/\/jundiai.sp.gov.br\/noticias\/wp-json\/wp\/v2\/posts\/75292","targetHints":{"allow":["GET"]}}],"collection":[{"href":"https:\/\/jundiai.sp.gov.br\/noticias\/wp-json\/wp\/v2\/posts"}],"about":[{"href":"https:\/\/jundiai.sp.gov.br\/noticias\/wp-json\/wp\/v2\/types\/post"}],"author":[{"embeddable":true,"href":"https:\/\/jundiai.sp.gov.br\/noticias\/wp-json\/wp\/v2\/users\/10"}],"replies":[{"embeddable":true,"href":"https:\/\/jundiai.sp.gov.br\/noticias\/wp-json\/wp\/v2\/comments?post=75292"}],"version-history":[{"count":1,"href":"https:\/\/jundiai.sp.gov.br\/noticias\/wp-json\/wp\/v2\/posts\/75292\/revisions"}],"predecessor-version":[{"id":152546,"href":"https:\/\/jundiai.sp.gov.br\/noticias\/wp-json\/wp\/v2\/posts\/75292\/revisions\/152546"}],"wp:attachment":[{"href":"https:\/\/jundiai.sp.gov.br\/noticias\/wp-json\/wp\/v2\/media?parent=75292"}],"wp:term":[{"taxonomy":"category","embeddable":true,"href":"https:\/\/jundiai.sp.gov.br\/noticias\/wp-json\/wp\/v2\/categories?post=75292"},{"taxonomy":"post_tag","embeddable":true,"href":"https:\/\/jundiai.sp.gov.br\/noticias\/wp-json\/wp\/v2\/tags?post=75292"},{"taxonomy":"ods","embeddable":true,"href":"https:\/\/jundiai.sp.gov.br\/noticias\/wp-json\/wp\/v2\/ods?post=75292"}],"curies":[{"name":"wp","href":"https:\/\/api.w.org\/{rel}","templated":true}]}}