{"id":75317,"date":"2013-11-22T16:18:54","date_gmt":"2013-11-22T18:18:54","guid":{"rendered":"https:\/\/jundiai.sp.gov.br\/noticias\/?p=75317"},"modified":"2016-11-04T11:22:19","modified_gmt":"2016-11-04T13:22:19","slug":"fumas-e-cdhu-realizam-mutirao-de-conciliacao","status":"publish","type":"post","link":"https:\/\/jundiai.sp.gov.br\/noticias\/2013\/11\/22\/fumas-e-cdhu-realizam-mutirao-de-conciliacao\/","title":{"rendered":"Fumas e CDHU realizam mutir\u00e3o de concilia\u00e7\u00e3o"},"content":{"rendered":"<p><strong>A Prefeitura de Jundia\u00ed, por meio da Funda\u00e7\u00e3o Municipal de A\u00e7\u00e3o Social (Fumas), promove, nesta sexta-feira (22) e s\u00e1bado (23), um mutir\u00e3o de concilia\u00e7\u00e3o com mutu\u00e1rios da CDHU (Companhia de Desenvolvimento Habitacional e Urbano), no Complexo Argos. <\/strong> O plant\u00e3o funciona das 9h \u00e0s 17h, no audit\u00f3rio Elis Regina.<\/p>\n<p><strong>MAIS<br \/>\n<a href=\"https:\/\/jundiai.sp.gov.br\/noticias\/2013\/11\/jundiai-tera-mutirao-de-conciliacao-em-dezembro\/\" target=\"_blank\"><strong>Jundia\u00ed ter\u00e1 mutir\u00e3o de concilia\u00e7\u00e3o em dezembro<\/strong><\/a><br \/>\n<a href=\"https:\/\/jundiai.sp.gov.br\/noticias\/2013\/11\/emprego-confira-as-vagas-do-pat-4\/\" target=\"_blank\">Emprego: Confira as vagas do PAT de Jundia\u00ed<\/strong><\/a><\/p>\n<p>\u201cA Fumas identificou a necessidade de fazer este mutir\u00e3o, pois as tratativas financeiras de um im\u00f3vel devem ser feitas com o CDHU e o Poder Judici\u00e1rio. Al\u00e9m deste encontro, a Funda\u00e7\u00e3o est\u00e1 \u00e0 disposi\u00e7\u00e3o para atender e tirar d\u00favidas dos mun\u00edcipes\u201d, explica o diretor t\u00e9cnico da Fumas, L\u00e1zaro Ribeiro.<\/p>\n<div id=\"attachment_126469\" style=\"width: 730px\" class=\"wp-caption aligncenter\"><a href=\"https:\/\/jundiai.sp.gov.br\/noticias\/wp-content\/uploads\/sites\/32\/2013\/11\/Mutirao_CDHU_A_11G1.jpg\"><img loading=\"lazy\" decoding=\"async\" aria-describedby=\"caption-attachment-126469\" src=\"https:\/\/jundiai.sp.gov.br\/noticias\/wp-content\/uploads\/sites\/32\/2013\/11\/Mutirao_CDHU_A_11G1-720x431.jpg\" alt=\"Valdeir assina a titularidade do im\u00f3vel ao lado do ex-propriet\u00e1rio Reginaldo\" width=\"720\" height=\"431\" class=\"size-large wp-image-126469\" srcset=\"https:\/\/jundiai.sp.gov.br\/noticias\/wp-content\/uploads\/sites\/32\/2013\/11\/Mutirao_CDHU_A_11G1-720x431.jpg 720w, https:\/\/jundiai.sp.gov.br\/noticias\/wp-content\/uploads\/sites\/32\/2013\/11\/Mutirao_CDHU_A_11G1-300x179.jpg 300w, https:\/\/jundiai.sp.gov.br\/noticias\/wp-content\/uploads\/sites\/32\/2013\/11\/Mutirao_CDHU_A_11G1.jpg 1240w\" sizes=\"auto, (max-width: 720px) 100vw, 720px\" \/><\/a><p id=\"caption-attachment-126469\" class=\"wp-caption-text\">Valdeir assina a titularidade do im\u00f3vel ao lado do ex-propriet\u00e1rio Reginaldo<\/p><\/div>\n<p>De acordo com o assessor executivo do CDHU, Jos\u00e9 Eduardo dos Santos, a parceria com a Fumas possibilita que os mun\u00edcipes resolvam a regulariza\u00e7\u00e3o de uma s\u00f3 vez. \u201cAntes era preciso ir at\u00e9 Campinas ou S\u00e3o Paulo. Com este grande encontro da Fumas, CDHU e Poder Judici\u00e1rio, n\u00f3s nos aproximamos dos mutu\u00e1rios e eles saem daqui com toda documenta\u00e7\u00e3o correta.\u201d<\/p>\n<p>Os principais problemas resolvidos s\u00e3o a inadimpl\u00eancia e a dificuldade de um morador encontrar o propriet\u00e1rio para regularizar o im\u00f3vel. \u201c\u00c0s vezes o im\u00f3vel \u00e9 passado por v\u00e1rios compradores, mas a documenta\u00e7\u00e3o est\u00e1 ainda no nome do propriet\u00e1rio. Para regularizar \u00e9 preciso que o dono esteja junto para assinar, ou ent\u00e3o ter uma procura\u00e7\u00e3o jur\u00eddica\u201d, explica o gerente de administra\u00e7\u00e3o de cr\u00e9ditos da CDHU, Martin Banhos Navarro. \u201c\u00c9 importante ter a titularidade do im\u00f3vel, pois garante a cobertura do seguro e que as presta\u00e7\u00f5es estejam em seu nome\u201d, completa Navarro.<\/p>\n<p><div id=\"attachment_126471\" style=\"width: 330px\" class=\"wp-caption alignright\"><a href=\"https:\/\/jundiai.sp.gov.br\/noticias\/wp-content\/uploads\/sites\/32\/2013\/11\/Mutirao_CDHU_A_7G.jpg\"><img loading=\"lazy\" decoding=\"async\" aria-describedby=\"caption-attachment-126471\" src=\"https:\/\/jundiai.sp.gov.br\/noticias\/wp-content\/uploads\/sites\/32\/2013\/11\/Mutirao_CDHU_A_7G-720x893.jpg\" alt=\"L\u00e1zaro, Martin e Jos\u00e9 Eduardo auxiliam mutu\u00e1rios no mutir\u00e3o\" width=\"320\" height=\"370\" class=\"size-large wp-image-126471\" \/><\/a><p id=\"caption-attachment-126471\" class=\"wp-caption-text\">L\u00e1zaro, Martin e Jos\u00e9 Eduardo auxiliam mutu\u00e1rios no mutir\u00e3o<\/p><\/div>Este \u00e9 o caso do vendedor, Valdeir Bezerra de Leite, que comprou um im\u00f3vel e h\u00e1 10 anos estava no nome do propriet\u00e1rio, Reginaldo Costa. \u201cEu estava com tudo em dia, mas a casa n\u00e3o estava no meu nome. Entrei em contato com o Reginaldo e viemos at\u00e9 aqui transferir a titularidade do im\u00f3vel para mim\u201d, diz Valdeir.<\/p>\n<p><strong>No mutir\u00e3o os mutu\u00e1rios tamb\u00e9m podem ter contato com outros servi\u00e7os: o Banco do Povo e o Sebrae <\/strong>(Servi\u00e7o Brasileiro de Apoio \u00e0s Micro e Pequenas Empresas). \u201cEste n\u00e3o \u00e9 um programa apenas para cobran\u00e7as, aqui as pessoas podem, por meio destes servi\u00e7os, montar uma microempresa e aumentar sua linha de cr\u00e9dito para auxiliar a renda\u201d, comenta L\u00e1zaro Ribeiro.<\/p>\n<p>S\u00f3 na manh\u00e3 desta sexta, centenas de pessoas regularizaram a situa\u00e7\u00e3o de seus im\u00f3veis. A expectativa \u00e9 de que, nos dois dias, cerca de 700 mutu\u00e1rios passem pelo audit\u00f3rio.<\/p>\n<p><em><strong>Luiza Oliveira<br \/>\nFoto: Alessandro Rosman <\/strong><\/em><\/p>\n","protected":false},"excerpt":{"rendered":"<p>Mutu\u00e1rios t\u00eam a oportunidade de regular a situa\u00e7\u00e3o de seus im\u00f3veis e ainda contam com outros servi\u00e7os <\/p>\n","protected":false},"author":10,"featured_media":0,"comment_status":"closed","ping_status":"closed","sticky":false,"template":"","format":"standard","meta":{"footnotes":""},"categories":[2],"tags":[],"ods":[],"class_list":["post-75317","post","type-post","status-publish","format-standard","hentry","category-noticias"],"_links":{"self":[{"href":"https:\/\/jundiai.sp.gov.br\/noticias\/wp-json\/wp\/v2\/posts\/75317","targetHints":{"allow":["GET"]}}],"collection":[{"href":"https:\/\/jundiai.sp.gov.br\/noticias\/wp-json\/wp\/v2\/posts"}],"about":[{"href":"https:\/\/jundiai.sp.gov.br\/noticias\/wp-json\/wp\/v2\/types\/post"}],"author":[{"embeddable":true,"href":"https:\/\/jundiai.sp.gov.br\/noticias\/wp-json\/wp\/v2\/users\/10"}],"replies":[{"embeddable":true,"href":"https:\/\/jundiai.sp.gov.br\/noticias\/wp-json\/wp\/v2\/comments?post=75317"}],"version-history":[{"count":2,"href":"https:\/\/jundiai.sp.gov.br\/noticias\/wp-json\/wp\/v2\/posts\/75317\/revisions"}],"predecessor-version":[{"id":126472,"href":"https:\/\/jundiai.sp.gov.br\/noticias\/wp-json\/wp\/v2\/posts\/75317\/revisions\/126472"}],"wp:attachment":[{"href":"https:\/\/jundiai.sp.gov.br\/noticias\/wp-json\/wp\/v2\/media?parent=75317"}],"wp:term":[{"taxonomy":"category","embeddable":true,"href":"https:\/\/jundiai.sp.gov.br\/noticias\/wp-json\/wp\/v2\/categories?post=75317"},{"taxonomy":"post_tag","embeddable":true,"href":"https:\/\/jundiai.sp.gov.br\/noticias\/wp-json\/wp\/v2\/tags?post=75317"},{"taxonomy":"ods","embeddable":true,"href":"https:\/\/jundiai.sp.gov.br\/noticias\/wp-json\/wp\/v2\/ods?post=75317"}],"curies":[{"name":"wp","href":"https:\/\/api.w.org\/{rel}","templated":true}]}}