{"id":75342,"date":"2013-11-22T18:19:18","date_gmt":"2013-11-22T20:19:18","guid":{"rendered":"https:\/\/jundiai.sp.gov.br\/noticias\/?p=75342"},"modified":"2016-11-04T11:22:20","modified_gmt":"2016-11-04T13:22:20","slug":"prefeitura-zera-a-fila-de-exames-laboratoriais","status":"publish","type":"post","link":"https:\/\/jundiai.sp.gov.br\/noticias\/2013\/11\/22\/prefeitura-zera-a-fila-de-exames-laboratoriais\/","title":{"rendered":"Prefeitura zera a fila de exames laboratoriais"},"content":{"rendered":"<p><strong>A Secretaria de Sa\u00fade zerou a fila de espera para exames laboratoriais, como sangue, urina, colesterol, glicose e enzima hep\u00e1tica. A demora na realiza\u00e7\u00e3o deste tipo de exame era uma das queixas mais comuns entre os moradores que usam a rede p\u00fablica de sa\u00fade.<\/strong><\/p>\n<p><strong>MAIS<br \/>\n<a href=\"https:\/\/jundiai.sp.gov.br\/noticias\/2013\/11\/fundo-social-anuncia-mudanca-e-economia-de-r-340-mil\/\" target=\"_blank\">Fundo Social anuncia mudan\u00e7a e economia de R$ 340 mil<\/strong><\/a><\/p>\n<p><div id=\"attachment_126457\" style=\"width: 410px\" class=\"wp-caption alignleft\"><a href=\"https:\/\/jundiai.sp.gov.br\/noticias\/wp-content\/uploads\/sites\/32\/2013\/11\/Claudio_Miranda_A_G.jpg\"><img loading=\"lazy\" decoding=\"async\" aria-describedby=\"caption-attachment-126457\" src=\"https:\/\/jundiai.sp.gov.br\/noticias\/wp-content\/uploads\/sites\/32\/2013\/11\/Claudio_Miranda_A_G-720x501.jpg\" alt=\"Para o secret\u00e1rio Cl\u00e1udio Miranda, medida vai permitir ajustes\" width=\"400\" height=\"371\" class=\"size-large wp-image-126457\" \/><\/a><p id=\"caption-attachment-126457\" class=\"wp-caption-text\">Para o secret\u00e1rio Cl\u00e1udio Miranda, medida vai permitir ajustes<\/p><\/div>\u201cA situa\u00e7\u00e3o foi confirmada pela diretoria de contratos e conv\u00eanios e representa uma oportunidade para ajustarmos o tamanho da demanda para que esse patamar possa ser mantido no pr\u00f3ximo ano\u201d, afirmou o secret\u00e1rio Cl\u00e1udio Miranda.<\/p>\n<p>O resultado \u00e9 o reflexo da medida adotada em outubro, que suspendeu o sistema de cotas por unidade b\u00e1sica ou de sa\u00fade da fam\u00edlia. A decis\u00e3o foi adotada depois de uma an\u00e1lise do ano anterior, que havia terminado com 90 mil pessoas na fila e, ao mesmo tempo, uma sobra de R$ 600 mil (equivalente a dois meses) em exames n\u00e3o realizados no contrato com a prestadora de servi\u00e7os dessa \u00e1rea.<\/p>\n<p>\u201cFicou \u00f3bvio que as cotas estavam subestimadas e isso atrapalhava todo o funcionamento dos exames. Ent\u00e3o liberamos a cota neste trimestre para buscarmos a demanda verdadeira para o pr\u00f3ximo contrato\u201d, explicou Cl\u00e1udio.<\/p>\n<p>Com o limite de 1 milh\u00e3o de exames laboratoriais cl\u00ednicos atingido, o per\u00edodo restante deste ano ter\u00e1 um aditivo para completar o atendimento anual. E esse n\u00famero total vai balizar o contrato de servi\u00e7os para 2014, com an\u00e1lise feita pelo setor especializado em contratos e metas da Secretaria de Sa\u00fade.<\/p>\n<p><strong>A\u00e7\u00f5es anteriores <\/strong><br \/>\nO contrato dos exames laboratoriais cl\u00ednicos em 2013 j\u00e1 havia sido ampliado pela Secretaria de Sa\u00fade em 30 de abril deste ano, elevando o teto de 936 mil para 1,076 milh\u00e3o de procedimentos (ou um adicional mensal de 11,7 mil exames mensais). A amplia\u00e7\u00e3o de 15% foi viabilizado dentro da tabela do Sistema \u00danico de Sa\u00fade (SUS) pelos diretores Conrado Assis Ruiz, de Conv\u00eanios e Contratos, e Marino Mazzei Filho, de Finan\u00e7as.<\/p>\n<p>Na ocasi\u00e3o, as guias de espera j\u00e1 haviam come\u00e7ado a diminuir e a reavalia\u00e7\u00e3o do cen\u00e1rio teve sua implementa\u00e7\u00e3o prevista a m\u00e9dio prazo, envolvendo at\u00e9 mesmo os protocolos de indica\u00e7\u00e3o de uso desses procedimentos.<\/p>\n<p>\u201cAo lado de outros tipos de exames e de atendimentos especializados, estamos vendo agora que uma parte do problema tamb\u00e9m dever\u00e1 ser trabalhado com uma campanha contra as faltas de pacientes (o chamado absente\u00edsmo), que prejudica outros moradores e tamb\u00e9m gera filas\u201d, comenta Cl\u00e1udio.<\/p>\n<p><em><strong>Jos\u00e9 Arnaldo de Oliveira<br \/>\nFoto: Alessandro Rosman <\/strong><\/em><\/p>\n","protected":false},"excerpt":{"rendered":"<p>Rapidez nos exames de sangue, urina, colesterol, glicose e enzima hep\u00e1tica era antiga reivindica\u00e7\u00e3o <\/p>\n","protected":false},"author":10,"featured_media":0,"comment_status":"closed","ping_status":"closed","sticky":false,"template":"","format":"standard","meta":{"footnotes":""},"categories":[2],"tags":[3],"ods":[],"class_list":["post-75342","post","type-post","status-publish","format-standard","hentry","category-noticias","tag-saude"],"_links":{"self":[{"href":"https:\/\/jundiai.sp.gov.br\/noticias\/wp-json\/wp\/v2\/posts\/75342","targetHints":{"allow":["GET"]}}],"collection":[{"href":"https:\/\/jundiai.sp.gov.br\/noticias\/wp-json\/wp\/v2\/posts"}],"about":[{"href":"https:\/\/jundiai.sp.gov.br\/noticias\/wp-json\/wp\/v2\/types\/post"}],"author":[{"embeddable":true,"href":"https:\/\/jundiai.sp.gov.br\/noticias\/wp-json\/wp\/v2\/users\/10"}],"replies":[{"embeddable":true,"href":"https:\/\/jundiai.sp.gov.br\/noticias\/wp-json\/wp\/v2\/comments?post=75342"}],"version-history":[{"count":1,"href":"https:\/\/jundiai.sp.gov.br\/noticias\/wp-json\/wp\/v2\/posts\/75342\/revisions"}],"predecessor-version":[{"id":126458,"href":"https:\/\/jundiai.sp.gov.br\/noticias\/wp-json\/wp\/v2\/posts\/75342\/revisions\/126458"}],"wp:attachment":[{"href":"https:\/\/jundiai.sp.gov.br\/noticias\/wp-json\/wp\/v2\/media?parent=75342"}],"wp:term":[{"taxonomy":"category","embeddable":true,"href":"https:\/\/jundiai.sp.gov.br\/noticias\/wp-json\/wp\/v2\/categories?post=75342"},{"taxonomy":"post_tag","embeddable":true,"href":"https:\/\/jundiai.sp.gov.br\/noticias\/wp-json\/wp\/v2\/tags?post=75342"},{"taxonomy":"ods","embeddable":true,"href":"https:\/\/jundiai.sp.gov.br\/noticias\/wp-json\/wp\/v2\/ods?post=75342"}],"curies":[{"name":"wp","href":"https:\/\/api.w.org\/{rel}","templated":true}]}}