{"id":75354,"date":"2013-11-22T18:24:14","date_gmt":"2013-11-22T20:24:14","guid":{"rendered":"https:\/\/jundiai.sp.gov.br\/noticias\/?p=75354"},"modified":"2016-11-04T11:22:20","modified_gmt":"2016-11-04T13:22:20","slug":"testes-rapidos-de-aids-comecam-nesta-segunda-25","status":"publish","type":"post","link":"https:\/\/jundiai.sp.gov.br\/noticias\/2013\/11\/22\/testes-rapidos-de-aids-comecam-nesta-segunda-25\/","title":{"rendered":"Testes r\u00e1pidos de Aids come\u00e7am nesta segunda (25)"},"content":{"rendered":"<p><strong>A semana de testes preventivos contra a s\u00edndrome de imunodefici\u00eancia adquirida (Aids) em Jundia\u00ed acontece em tr\u00eas pontos diferentes da cidade, de segunda-feira (25) a s\u00e1bado (30), com hor\u00e1rios diferentes em cada unidade. O destaque est\u00e1 na rapidez do processo, que \u00e9 parecido com um teste de glicemia para diabetes e fornece o resultado geralmente em meia hora<\/strong>.<\/p>\n<p><strong>MAIS<br \/>\n<a href=\"https:\/\/jundiai.sp.gov.br\/noticias\/2013\/11\/tdha-tem-palestra-e-debate-na-proxima-semana\/\" target=\"_blank\"><strong>TDAH tem palestra e debate na pr\u00f3xima semana<\/strong><\/a><br \/>\n<a href=\"https:\/\/jundiai.sp.gov.br\/noticias\/2013\/11\/dia-mundial-de-luta-contra-a-aids-divulga-programacao\/\" target=\"_blank\"><strong>Dia Mundial de Luta Contra a Aids divulga programa\u00e7\u00e3o<\/strong><\/a><br \/>\n<a href=\"https:\/\/jundiai.sp.gov.br\/noticias\/2013\/11\/prefeitura-zera-a-fila-de-exames-laboratoriais\/\" target=\"_blank\">Prefeitura zera a fila de exames laboratoriais<\/strong><\/a><br \/>\n<a href=\"https:\/\/jundiai.sp.gov.br\/noticias\/2013\/11\/aula-magna-lanca-o-projeto-rede-de-cidadania-e-saude\/\" target=\"_blank\"><strong>Aula magna lan\u00e7a o projeto \u2018Rede de Cidadania e Sa\u00fade\u2019<\/strong><\/a><\/p>\n<p><div id=\"attachment_126455\" style=\"width: 330px\" class=\"wp-caption alignleft\"><a href=\"https:\/\/jundiai.sp.gov.br\/noticias\/wp-content\/uploads\/sites\/32\/2013\/11\/dia-munidal-de-combate-\u00e0-aidsg.jpg\"><img loading=\"lazy\" decoding=\"async\" aria-describedby=\"caption-attachment-126455\" src=\"https:\/\/jundiai.sp.gov.br\/noticias\/wp-content\/uploads\/sites\/32\/2013\/11\/dia-munidal-de-combate-\u00e0-aidsg-720x875.jpg\" alt=\"S\u00edmbolo da luta contra a Aids: testes r\u00e1pidos dispon\u00edveis\" width=\"320\" height=\"360\" class=\"size-large wp-image-126455\" \/><\/a><p id=\"caption-attachment-126455\" class=\"wp-caption-text\">S\u00edmbolo da luta contra a Aids: testes r\u00e1pidos dispon\u00edveis<\/p><\/div>Nesta segunda (25) e at\u00e9 sexta (29) o teste pode ser feito entre 8h e 16h, no Centro de Testagem e Aconselhamento (CTA), na rua Conde de Monsanto, 480, 1\u00ba andar, no mesmo pr\u00e9dio do Ambulat\u00f3rio de Mol\u00e9stias Infecciosas.<\/p>\n<p>Tamb\u00e9m nesta segunda-feira (25) e at\u00e9 quarta-feira (27) o teste pode ser feito entre 17h e 20h na unidade b\u00e1sica UBS Retiro, na rua Maria L\u00facia de Almeida, 100, no Retiro.<\/p>\n<p>Na quinta-feira (28) e sexta-feira (29) das 17h \u00e0s 20h e no s\u00e1bado (30) das 9h \u00e0s 14h, o teste poder\u00e1 ser feito tamb\u00e9m na unidade b\u00e1sica UBS Central, na rua Jorge Zolner, 193, Centro, ao lado do Hospital S\u00e3o Vicente de Paulo.<\/p>\n<p><strong>Dados<\/strong><br \/>\nEntre 2007 e 2013, a m\u00e9dia de novos casos de Aids em Jundia\u00ed foi de 47,7 ocorr\u00eancias por ano. Com a retaguarda criada no Pa\u00eds para a assist\u00eancia aos pacientes \u00e9 poss\u00edvel ter uma vida praticamente normal, mas \u00e9 preciso ter o diagn\u00f3stico na fase inicial.<\/p>\n<p>Do per\u00edodo acima, 225 casos ocorreram em pessoas de sexo masculino e 85 em pessoas do sexo feminino. A faixa de idade com maior percentual \u00e9 de 30 a 39 anos, com 38,38% dos casos. O acolhimento em toda a rede municipal de sa\u00fade \u00e9 orientado pela discri\u00e7\u00e3o e privacidade.<\/p>\n<p><em><strong>Jos\u00e9 Arnaldo de Oliveira<\/strong><\/em><\/p>\n","protected":false},"excerpt":{"rendered":"<p>A\u00e7\u00e3o da Sa\u00fade ocorre em tr\u00eas pontos diferentes e em hor\u00e1rios diferenciados em cada unidade; saiba mais <\/p>\n","protected":false},"author":10,"featured_media":0,"comment_status":"closed","ping_status":"closed","sticky":false,"template":"","format":"standard","meta":{"footnotes":""},"categories":[2],"tags":[3],"ods":[],"class_list":["post-75354","post","type-post","status-publish","format-standard","hentry","category-noticias","tag-saude"],"_links":{"self":[{"href":"https:\/\/jundiai.sp.gov.br\/noticias\/wp-json\/wp\/v2\/posts\/75354","targetHints":{"allow":["GET"]}}],"collection":[{"href":"https:\/\/jundiai.sp.gov.br\/noticias\/wp-json\/wp\/v2\/posts"}],"about":[{"href":"https:\/\/jundiai.sp.gov.br\/noticias\/wp-json\/wp\/v2\/types\/post"}],"author":[{"embeddable":true,"href":"https:\/\/jundiai.sp.gov.br\/noticias\/wp-json\/wp\/v2\/users\/10"}],"replies":[{"embeddable":true,"href":"https:\/\/jundiai.sp.gov.br\/noticias\/wp-json\/wp\/v2\/comments?post=75354"}],"version-history":[{"count":1,"href":"https:\/\/jundiai.sp.gov.br\/noticias\/wp-json\/wp\/v2\/posts\/75354\/revisions"}],"predecessor-version":[{"id":126456,"href":"https:\/\/jundiai.sp.gov.br\/noticias\/wp-json\/wp\/v2\/posts\/75354\/revisions\/126456"}],"wp:attachment":[{"href":"https:\/\/jundiai.sp.gov.br\/noticias\/wp-json\/wp\/v2\/media?parent=75354"}],"wp:term":[{"taxonomy":"category","embeddable":true,"href":"https:\/\/jundiai.sp.gov.br\/noticias\/wp-json\/wp\/v2\/categories?post=75354"},{"taxonomy":"post_tag","embeddable":true,"href":"https:\/\/jundiai.sp.gov.br\/noticias\/wp-json\/wp\/v2\/tags?post=75354"},{"taxonomy":"ods","embeddable":true,"href":"https:\/\/jundiai.sp.gov.br\/noticias\/wp-json\/wp\/v2\/ods?post=75354"}],"curies":[{"name":"wp","href":"https:\/\/api.w.org\/{rel}","templated":true}]}}