{"id":75364,"date":"2013-11-22T18:34:21","date_gmt":"2013-11-22T20:34:21","guid":{"rendered":"https:\/\/jundiai.sp.gov.br\/noticias\/?p=75364"},"modified":"2016-11-04T11:22:20","modified_gmt":"2016-11-04T13:22:20","slug":"tdha-tem-palestra-e-debate-na-proxima-semana","status":"publish","type":"post","link":"https:\/\/jundiai.sp.gov.br\/noticias\/2013\/11\/22\/tdha-tem-palestra-e-debate-na-proxima-semana\/","title":{"rendered":"TDAH tem palestra e debate na pr\u00f3xima semana"},"content":{"rendered":"<p><strong>O chamado transtorno de d\u00e9ficit de aten\u00e7\u00e3o com hiperatividade (TDAH), que no passado causava problemas para crian\u00e7as e suas fam\u00edlias, atualmente tem alternativas de tratamento e supera\u00e7\u00e3o. Para abordar o tema, a Secretaria de Sa\u00fade promove palestra e debate na manh\u00e3 de sexta-feira (29) em audit\u00f3rio no bairro do Anhangaba\u00fa, com apoio de educadores da Secretaria de Educa\u00e7\u00e3o.<\/strong><\/p>\n<p><strong>MAIS<br \/>\n<a href=\"https:\/\/jundiai.sp.gov.br\/noticias\/2013\/11\/prefeitura-zera-a-fila-de-exames-laboratoriais\/\" target=\"_blank\">Prefeitura zera a fila de exames laboratoriais<\/strong><\/a><\/p>\n<p><div id=\"attachment_126448\" style=\"width: 340px\" class=\"wp-caption alignleft\"><a href=\"https:\/\/jundiai.sp.gov.br\/noticias\/wp-content\/uploads\/sites\/32\/2013\/11\/palestra_tdah_2G.jpg\"><img loading=\"lazy\" decoding=\"async\" aria-describedby=\"caption-attachment-126448\" src=\"https:\/\/jundiai.sp.gov.br\/noticias\/wp-content\/uploads\/sites\/32\/2013\/11\/palestra_tdah_2G-679x960.jpg\" alt=\"Clique para ampliar a arte\" width=\"330\" height=\"370\" class=\"size-large wp-image-126448\" \/><\/a><p id=\"caption-attachment-126448\" class=\"wp-caption-text\">Clique para ampliar a arte<\/p><\/div>\u201cMuitos pais, professores e at\u00e9 mesmo pediatras ainda n\u00e3o identificam facilmente o problema. E quanto mais cedo isso acontecer mais poderemos prevenir que sejam v\u00edtimas de viol\u00eancia f\u00edsica, neglig\u00eancia ou ass\u00e9dio moral\u201d, explica o neurologista e psiquiatra da inf\u00e2ncia e adolesc\u00eancia Paulo C\u00e9sar Menezes Freitas, do N\u00facleo Integrado de Sa\u00fade (NIS), que h\u00e1 18 anos iniciou um grupo psicoeducativo e de apoio m\u00fatuo desse assunto.<\/p>\n<p>Ele vai mediar o encontro, que acontece das 8 \u00e0s 12 horas no audit\u00f3rio da C\u00faria Diocesana, na rua Engenheiro Roberto Mange, 400, Anhangaba\u00fa. A entrada \u00e9 gratuita.<\/p>\n<p>Ligada ao neurodesenvolvimento, o TDAH apresenta sintomas com comorbidades (doen\u00e7as associadas) como no aprendizado, na ansiedades e outras manifesta\u00e7\u00f5es, sem obrigatoriamente mostrar a hiperatividade geralmente associada a ela. \u201cMuitas vezes \u00e9 a desaten\u00e7\u00e3o ou a impulsividade, mas hoje existem tratamentos adequados\u201d, comenta Marcelo Canale, que colabora com o grupo de pais.<\/p>\n<p>Profissionais da Secretaria de Sa\u00fade destacam que nem todo problema comportamental deve ser visto como um problema m\u00e9dico e, por esse motivo, o conhecimento do contexto desse tipo de ocorr\u00eancia \u00e9 importante.<\/p>\n<p>A participa\u00e7\u00e3o de crian\u00e7as em grupos como de TDAH \u00e9 sempre antecedida por indica\u00e7\u00e3o do atendimento prim\u00e1ria feito nas unidades b\u00e1sicas ou de sa\u00fade da fam\u00edlia da rede p\u00fablica. A m\u00e9dia de recupera\u00e7\u00e3o dos tratamentos relacionados \u00e9 de 50%, o que acaba dispensando o uso de medicamentos.<\/p>\n<p>&#8220;Al\u00e9m da informa\u00e7\u00e3o para familiares, educadores e pessoas pr\u00f3ximas, o evento tem outro grande objetivo que \u00e9 combater o preconceito ainda existente na sociedade a respeito do problema. Afinal, preconceito se combate com informa\u00e7\u00e3o&#8221;, acrescenta Canale.<\/p>\n<p>N\u00e3o h\u00e1 necessidade de inscri\u00e7\u00e3o pr\u00e9via. Mais informa\u00e7\u00f5es sobre o evento podem ser obtidas pelo telefone (11) 9.9886-2008.<\/p>\n<p><em><strong>Jos\u00e9 Arnaldo de Oliveira<\/strong><\/em><\/p>\n","protected":false},"excerpt":{"rendered":"<p>O chamado transtorno de d\u00e9ficit de aten\u00e7\u00e3o com hiperatividade (TDAH), que no passado causava problemas para crian\u00e7as e suas fam\u00edlias, atualmente tem alternativas de tratamento e supera\u00e7\u00e3o. Para abordar o tema, a Secretaria de Sa\u00fade promove palestra e debate na manh\u00e3 de sexta-feira (29) em audit\u00f3rio no bairro do Anhangaba\u00fa, com apoio de educadores da [&hellip;]<\/p>\n","protected":false},"author":10,"featured_media":0,"comment_status":"closed","ping_status":"closed","sticky":false,"template":"","format":"standard","meta":{"footnotes":""},"categories":[2],"tags":[3],"ods":[],"class_list":["post-75364","post","type-post","status-publish","format-standard","hentry","category-noticias","tag-saude"],"_links":{"self":[{"href":"https:\/\/jundiai.sp.gov.br\/noticias\/wp-json\/wp\/v2\/posts\/75364","targetHints":{"allow":["GET"]}}],"collection":[{"href":"https:\/\/jundiai.sp.gov.br\/noticias\/wp-json\/wp\/v2\/posts"}],"about":[{"href":"https:\/\/jundiai.sp.gov.br\/noticias\/wp-json\/wp\/v2\/types\/post"}],"author":[{"embeddable":true,"href":"https:\/\/jundiai.sp.gov.br\/noticias\/wp-json\/wp\/v2\/users\/10"}],"replies":[{"embeddable":true,"href":"https:\/\/jundiai.sp.gov.br\/noticias\/wp-json\/wp\/v2\/comments?post=75364"}],"version-history":[{"count":2,"href":"https:\/\/jundiai.sp.gov.br\/noticias\/wp-json\/wp\/v2\/posts\/75364\/revisions"}],"predecessor-version":[{"id":126450,"href":"https:\/\/jundiai.sp.gov.br\/noticias\/wp-json\/wp\/v2\/posts\/75364\/revisions\/126450"}],"wp:attachment":[{"href":"https:\/\/jundiai.sp.gov.br\/noticias\/wp-json\/wp\/v2\/media?parent=75364"}],"wp:term":[{"taxonomy":"category","embeddable":true,"href":"https:\/\/jundiai.sp.gov.br\/noticias\/wp-json\/wp\/v2\/categories?post=75364"},{"taxonomy":"post_tag","embeddable":true,"href":"https:\/\/jundiai.sp.gov.br\/noticias\/wp-json\/wp\/v2\/tags?post=75364"},{"taxonomy":"ods","embeddable":true,"href":"https:\/\/jundiai.sp.gov.br\/noticias\/wp-json\/wp\/v2\/ods?post=75364"}],"curies":[{"name":"wp","href":"https:\/\/api.w.org\/{rel}","templated":true}]}}