{"id":75373,"date":"2013-11-22T18:41:32","date_gmt":"2013-11-22T20:41:32","guid":{"rendered":"https:\/\/jundiai.sp.gov.br\/noticias\/?p=75373"},"modified":"2016-11-04T11:22:28","modified_gmt":"2016-11-04T13:22:28","slug":"aula-magna-lanca-o-projeto-rede-de-cidadania-e-saude","status":"publish","type":"post","link":"https:\/\/jundiai.sp.gov.br\/noticias\/2013\/11\/22\/aula-magna-lanca-o-projeto-rede-de-cidadania-e-saude\/","title":{"rendered":"Aula magna lan\u00e7a o projeto &#8216;Rede de Cidadania e Sa\u00fade&#8217;"},"content":{"rendered":"<p><strong>A Prefeitura de Jundia\u00ed, por meio da Escola de Governo e Gest\u00e3o e a Secretaria de Sa\u00fade, realizou na noite de quinta-feira (21) a aula magna de lan\u00e7amento do projeto \u201cRede de Cidadania e Sa\u00fade\u201d, no Teatro Polytheama, com palestras ministradas por profissionais de renome da sa\u00fade p\u00fablica.<\/strong><\/p>\n<p><strong>MAIS<br \/>\n<a href=\"https:\/\/jundiai.sp.gov.br\/noticias\/2013\/11\/testes-rapidos-de-aids-comecam-nesta-segunda-25\/\" target=\"_blank\">Testes r\u00e1pidos de Aids come\u00e7am nesta segunda (25)<\/strong><\/a><\/p>\n<p>O projeto, segundo o presidente da Escola de Governo e Gest\u00e3o, Marcelo Lo M\u00f4naco, tem como <strong>objetivo capacitar mais de 1 mil pessoas entre servidores, conselheiros e usu\u00e1rios do Sistema \u00danico de Sa\u00fade (SUS) ao longo de quinze meses<\/strong>. \u201cO SUS \u00e9 sistema de excel\u00eancia e entendemos que precisa ser mais incentivado\u201d, afirmou Lo M\u00f4naco.<\/p>\n<div id=\"attachment_126445\" style=\"width: 730px\" class=\"wp-caption aligncenter\"><a href=\"https:\/\/jundiai.sp.gov.br\/noticias\/wp-content\/uploads\/sites\/32\/2013\/11\/aula_magna_saude_D62g.jpg\"><img loading=\"lazy\" decoding=\"async\" aria-describedby=\"caption-attachment-126445\" src=\"https:\/\/jundiai.sp.gov.br\/noticias\/wp-content\/uploads\/sites\/32\/2013\/11\/aula_magna_saude_D62g-720x484.jpg\" alt=\"Cl\u00e1udio Miranda, Durval Orlato e Marcelo Lo M\u00f4naco durante a abertura\" width=\"720\" height=\"484\" class=\"size-large wp-image-126445\" srcset=\"https:\/\/jundiai.sp.gov.br\/noticias\/wp-content\/uploads\/sites\/32\/2013\/11\/aula_magna_saude_D62g-720x484.jpg 720w, https:\/\/jundiai.sp.gov.br\/noticias\/wp-content\/uploads\/sites\/32\/2013\/11\/aula_magna_saude_D62g-300x202.jpg 300w, https:\/\/jundiai.sp.gov.br\/noticias\/wp-content\/uploads\/sites\/32\/2013\/11\/aula_magna_saude_D62g.jpg 1240w\" sizes=\"auto, (max-width: 720px) 100vw, 720px\" \/><\/a><p id=\"caption-attachment-126445\" class=\"wp-caption-text\">Cl\u00e1udio Miranda, Durval Orlato e Marcelo Lo M\u00f4naco durante a abertura<\/p><\/div>\n<p>\u201cO SUS \u00e9 um exemplo de gest\u00e3o para o mundo e queremos capacitar os servidores, conselheiros e usu\u00e1rios para que entendam o que \u00e9 o sistema e qual \u00e9 o papel de cada um dentro dele\u201d, disse o secret\u00e1rio de Sa\u00fade, Cl\u00e1udio Miranda.<\/p>\n<p>A import\u00e2ncia da sa\u00fade p\u00fablica foi abordada pelos palestrantes Luiz Carlos Casarin, representante do Minist\u00e9rio da Sa\u00fade, Gilson Carvalho, m\u00e9dico pediatra e de sa\u00fade p\u00fablica e Rosana Marcondes, representante da Educa\u00e7\u00e3o Permanente e em Sa\u00fade de Osasco,<\/p>\n<p>\u201cO Minist\u00e9rio da Sa\u00fade traz uma nova proposta no processo de trabalho onde os servi\u00e7os s\u00e3o organizados em rede. Ent\u00e3o Jundia\u00ed \u00e9 uma cidade que est\u00e1 avan\u00e7ada nesse assunto ao oferecer esse projeto\u201d, disse Luiz Carlos.<\/p>\n<p>J\u00e1 Rosana Marcondes discursou sobre pensar educa\u00e7\u00e3o no campo da sa\u00fade. \u201cUm dos assuntos abordados \u00e9 discutir a forma\u00e7\u00e3o dos m\u00e9dicos, deixar de lado a ideia de se especializar em uma \u00e1rea e atender em um consult\u00f3rio particular, mas sim a possibilidade em exercer a fun\u00e7\u00e3o no SUS\u201d, disse. Al\u00e9m disso, ela falou da import\u00e2ncia em as equipes que trabalham com a sa\u00fade refletirem as necessidades para que o atendimento seja melhorado.<\/p>\n<p>Por fim, Gilson Carvalho abordou o tema da import\u00e2ncia da participa\u00e7\u00e3o individual e coletiva. \u201cTemos que acabar com esse h\u00e1bito de terceirizar, e digo no sentido de que eu, enquanto indiv\u00edduo, n\u00e3o tomo meus rem\u00e9dios como \u00e9 recomendado e jogo a culpa em cima da sa\u00fade\u201d, citou como exemplo. \u201c\u00c9 importante que cada um fa\u00e7a a sua parte.\u201d<\/p>\n<p><strong>O conv\u00eanio com o Minist\u00e9rio de Sa\u00fade para o projeto \u00e9 de R$ 200 mil, incluindo 10% de contrapartida da Prefeitura.<\/strong><\/p>\n<div id=\"attachment_126446\" style=\"width: 730px\" class=\"wp-caption aligncenter\"><a href=\"https:\/\/jundiai.sp.gov.br\/noticias\/wp-content\/uploads\/sites\/32\/2013\/11\/aula_magna_saude_D13g.jpg\"><img loading=\"lazy\" decoding=\"async\" aria-describedby=\"caption-attachment-126446\" src=\"https:\/\/jundiai.sp.gov.br\/noticias\/wp-content\/uploads\/sites\/32\/2013\/11\/aula_magna_saude_D13g-720x523.jpg\" alt=\"Palestrantes abordaram a import\u00e2ncia da sa\u00fade p\u00fablica no evento\" width=\"720\" height=\"523\" class=\"size-large wp-image-126446\" srcset=\"https:\/\/jundiai.sp.gov.br\/noticias\/wp-content\/uploads\/sites\/32\/2013\/11\/aula_magna_saude_D13g-720x523.jpg 720w, https:\/\/jundiai.sp.gov.br\/noticias\/wp-content\/uploads\/sites\/32\/2013\/11\/aula_magna_saude_D13g-300x217.jpg 300w, https:\/\/jundiai.sp.gov.br\/noticias\/wp-content\/uploads\/sites\/32\/2013\/11\/aula_magna_saude_D13g.jpg 1240w\" sizes=\"auto, (max-width: 720px) 100vw, 720px\" \/><\/a><p id=\"caption-attachment-126446\" class=\"wp-caption-text\">Palestrantes abordaram a import\u00e2ncia da sa\u00fade p\u00fablica no evento<\/p><\/div>\n<p><em><strong>Kadija Rodrigues<br \/>\nFoto: Dorival Pinheiro Filho <\/strong><\/em><\/p>\n","protected":false},"excerpt":{"rendered":"<p>A Prefeitura de Jundia\u00ed, por meio da Escola de Governo e Gest\u00e3o e a Secretaria de Sa\u00fade, realizou na noite de quinta-feira (21) a aula magna de lan\u00e7amento do projeto \u201cRede de Cidadania e Sa\u00fade\u201d, no Teatro Polytheama, com palestras ministradas por profissionais de renome da sa\u00fade p\u00fablica. MAIS Testes r\u00e1pidos de Aids come\u00e7am nesta [&hellip;]<\/p>\n","protected":false},"author":10,"featured_media":0,"comment_status":"closed","ping_status":"closed","sticky":false,"template":"","format":"standard","meta":{"footnotes":""},"categories":[2],"tags":[3],"ods":[],"class_list":["post-75373","post","type-post","status-publish","format-standard","hentry","category-noticias","tag-saude"],"_links":{"self":[{"href":"https:\/\/jundiai.sp.gov.br\/noticias\/wp-json\/wp\/v2\/posts\/75373","targetHints":{"allow":["GET"]}}],"collection":[{"href":"https:\/\/jundiai.sp.gov.br\/noticias\/wp-json\/wp\/v2\/posts"}],"about":[{"href":"https:\/\/jundiai.sp.gov.br\/noticias\/wp-json\/wp\/v2\/types\/post"}],"author":[{"embeddable":true,"href":"https:\/\/jundiai.sp.gov.br\/noticias\/wp-json\/wp\/v2\/users\/10"}],"replies":[{"embeddable":true,"href":"https:\/\/jundiai.sp.gov.br\/noticias\/wp-json\/wp\/v2\/comments?post=75373"}],"version-history":[{"count":1,"href":"https:\/\/jundiai.sp.gov.br\/noticias\/wp-json\/wp\/v2\/posts\/75373\/revisions"}],"predecessor-version":[{"id":126447,"href":"https:\/\/jundiai.sp.gov.br\/noticias\/wp-json\/wp\/v2\/posts\/75373\/revisions\/126447"}],"wp:attachment":[{"href":"https:\/\/jundiai.sp.gov.br\/noticias\/wp-json\/wp\/v2\/media?parent=75373"}],"wp:term":[{"taxonomy":"category","embeddable":true,"href":"https:\/\/jundiai.sp.gov.br\/noticias\/wp-json\/wp\/v2\/categories?post=75373"},{"taxonomy":"post_tag","embeddable":true,"href":"https:\/\/jundiai.sp.gov.br\/noticias\/wp-json\/wp\/v2\/tags?post=75373"},{"taxonomy":"ods","embeddable":true,"href":"https:\/\/jundiai.sp.gov.br\/noticias\/wp-json\/wp\/v2\/ods?post=75373"}],"curies":[{"name":"wp","href":"https:\/\/api.w.org\/{rel}","templated":true}]}}