{"id":75383,"date":"2013-11-22T18:54:53","date_gmt":"2013-11-22T20:54:53","guid":{"rendered":"https:\/\/jundiai.sp.gov.br\/noticias\/?p=75383"},"modified":"2016-11-04T11:22:28","modified_gmt":"2016-11-04T13:22:28","slug":"os-64-anos-de-uma-familia-chamada-guarda-municipal","status":"publish","type":"post","link":"https:\/\/jundiai.sp.gov.br\/noticias\/2013\/11\/22\/os-64-anos-de-uma-familia-chamada-guarda-municipal\/","title":{"rendered":"Os 64 anos de uma fam\u00edlia chamada Guarda Municipal"},"content":{"rendered":"<p><strong>Para o delegado Jos\u00e9 Roberto Ferraz, atual comandante da Guarda Municipal, antes de ser uma institui\u00e7\u00e3o, ela deve ser vista como uma &#8220;fam\u00edlia&#8221;. E foi com a fam\u00edlia que alguns dos GMs presentes \u00e0 solenidade realizada na C\u00e2mara Municipal, na manh\u00e3 desta sexta-feira (22), comemoraram os 64 anos da corpora\u00e7\u00e3o.<\/strong> <\/p>\n<p><strong>MAIS<br \/>\n<a href=\"https:\/\/jundiai.sp.gov.br\/noticias\/2013\/11\/guarda-municipal-surpreende-pichadores-na-vila-rio-branco\/\" target=\"_blank\">Guarda Municipal surpreende pichadores na Vila Rio Branco<\/strong><\/a><\/p>\n<p>A solenidade tamb\u00e9m fez um reconhecimento especial \u00e0queles que foram al\u00e9m das suas obriga\u00e7\u00f5es como GMs. O inspetor Alceu Marestone, o subinspetor Erich Streng Godoi e os GMs Ismael Donizete dos Santos e Paulo Alves Correa, foram condecorados com a Medalha Vasco Antonio Venchiarutti.<\/p>\n<div id=\"attachment_126439\" style=\"width: 730px\" class=\"wp-caption aligncenter\"><a href=\"https:\/\/jundiai.sp.gov.br\/noticias\/wp-content\/uploads\/sites\/32\/2013\/11\/gm_aniversario_p_-12G1.jpg\"><img loading=\"lazy\" decoding=\"async\" aria-describedby=\"caption-attachment-126439\" src=\"https:\/\/jundiai.sp.gov.br\/noticias\/wp-content\/uploads\/sites\/32\/2013\/11\/gm_aniversario_p_-12G1-720x483.jpg\" alt=\"O secret\u00e1rio Jos\u00e9 Carlos Pires, o comandante Ferraz e os GMs homenageados\" width=\"720\" height=\"483\" class=\"size-large wp-image-126439\" srcset=\"https:\/\/jundiai.sp.gov.br\/noticias\/wp-content\/uploads\/sites\/32\/2013\/11\/gm_aniversario_p_-12G1-720x483.jpg 720w, https:\/\/jundiai.sp.gov.br\/noticias\/wp-content\/uploads\/sites\/32\/2013\/11\/gm_aniversario_p_-12G1-300x201.jpg 300w, https:\/\/jundiai.sp.gov.br\/noticias\/wp-content\/uploads\/sites\/32\/2013\/11\/gm_aniversario_p_-12G1.jpg 1240w\" sizes=\"auto, (max-width: 720px) 100vw, 720px\" \/><\/a><p id=\"caption-attachment-126439\" class=\"wp-caption-text\">O secret\u00e1rio Jos\u00e9 Carlos Pires, o comandante Ferraz e os GMs homenageados<\/p><\/div>\n<p>Na composi\u00e7\u00e3o da mesa, estiveram presentes o secret\u00e1rio da Casa Civil, Jos\u00e9 Carlos Pires, que representou o prefeito Pedro Bigardi, o comandante da GM, Jos\u00e9 Roberto Ferraz, o presidente da C\u00e2mara, Gerson Sartori, o representante do 49\u00ba Batalh\u00e3o de Pol\u00edcia Militar do Interior, capit\u00e3o Roberto Borges, e o delegado Florisval Silva Santos, em nome da Delegacia Seccional de Pol\u00edcia.<\/p>\n<p>Os coron\u00e9is do Ex\u00e9rcito Jovair Rodrigues da Silva e Cl\u00e1udio de S\u00e1 e Benevides e o advogado Paulo Jacomelli Sthel, ex-comandantes da corpora\u00e7\u00e3o, tamb\u00e9m acompanharam a solenidade. <\/p>\n<p><strong>Comemora\u00e7\u00f5es<\/strong><br \/>\nO secret\u00e1rio Jos\u00e9 Carlos Pires lembrou que a comemora\u00e7\u00e3o dos 64 anos da GM coincide com outras datas importantes, citando os 75 anos da C\u00e2mara Municipal de Jundia\u00ed e a comemora\u00e7\u00e3o do Dia da Bandeira. \u201cUm ano ap\u00f3s o rein\u00edcio dos trabalhos legislativos, tinha in\u00edcio a hist\u00f3ria da GM, que come\u00e7ou com 40 integrantes\u201d, destacou o secret\u00e1rio.<\/p>\n<p>Atualmente, como ressaltou o secret\u00e1rio, s\u00e3o 300 homens e mulheres que t\u00eam dedicado parte de suas vidas a cuidar da seguran\u00e7a da popula\u00e7\u00e3o, atuando em um trabalho de excel\u00eancia. \u201cVamos ampliar, devendo encerrar a gest\u00e3o com 500 GMs\u201d, anunciou.<\/p>\n<p>Jos\u00e9 Carlos Pires ainda mencionou o trabalho conjunto entre a Guarda Municipal, Pol\u00edcia Civil e Pol\u00edcia Militar. <\/p>\n<p><strong>Hist\u00f3ria<\/strong><br \/>\nCriada em 24 de novembro de 1949 e tendo como patrono o vereador L\u00e1zaro de Almeida, a Guarda Municipal de Jundia\u00ed \u00e9 uma das mais antigas e respeitadas do Brasil. Ela cumpre com a fun\u00e7\u00e3o de prote\u00e7\u00e3o dos bens, servi\u00e7os e instala\u00e7\u00f5es municipais e o melhor atendimento \u00e0 popula\u00e7\u00e3o.<\/p>\n<p>Tamb\u00e9m apoia os \u00f3rg\u00e3os estadual e federal, seja no patrulhamento motorizado di\u00e1rio, seja nos postos de servi\u00e7os. Atualmente \u00e9 o centro de refer\u00eancia na forma\u00e7\u00e3o e aperfei\u00e7oamento de Guardas Municipais do aglomerado urbano de Jundia\u00ed, baseada na forma\u00e7\u00e3o cidad\u00e3, preventiva e comunit\u00e1ria.<\/p>\n<div id=\"attachment_126441\" style=\"width: 730px\" class=\"wp-caption aligncenter\"><a href=\"https:\/\/jundiai.sp.gov.br\/noticias\/wp-content\/uploads\/sites\/32\/2013\/11\/gm_aniversario_p_-127G.jpg\"><img loading=\"lazy\" decoding=\"async\" aria-describedby=\"caption-attachment-126441\" src=\"https:\/\/jundiai.sp.gov.br\/noticias\/wp-content\/uploads\/sites\/32\/2013\/11\/gm_aniversario_p_-127G-720x474.jpg\" alt=\"P\u00fablico prestigiou o evento na manh\u00e3 desta sexta-feira\" width=\"720\" height=\"474\" class=\"size-large wp-image-126441\" srcset=\"https:\/\/jundiai.sp.gov.br\/noticias\/wp-content\/uploads\/sites\/32\/2013\/11\/gm_aniversario_p_-127G-720x474.jpg 720w, https:\/\/jundiai.sp.gov.br\/noticias\/wp-content\/uploads\/sites\/32\/2013\/11\/gm_aniversario_p_-127G-300x197.jpg 300w, https:\/\/jundiai.sp.gov.br\/noticias\/wp-content\/uploads\/sites\/32\/2013\/11\/gm_aniversario_p_-127G.jpg 1240w\" sizes=\"auto, (max-width: 720px) 100vw, 720px\" \/><\/a><p id=\"caption-attachment-126441\" class=\"wp-caption-text\">P\u00fablico prestigiou o evento na manh\u00e3 desta sexta-feira<\/p><\/div>\n<p><em><strong>Assessoria de Imprensa<br \/>\nFoto: Paulo Gr\u00e9gio <\/strong><\/em><\/p>\n","protected":false},"excerpt":{"rendered":"<p>Solenidade na C\u00e2mara Municipal reuniu agentes de seguran\u00e7a e seus familiares para comemorar a data<\/p>\n","protected":false},"author":10,"featured_media":0,"comment_status":"closed","ping_status":"closed","sticky":false,"template":"","format":"standard","meta":{"footnotes":""},"categories":[2],"tags":[31],"ods":[],"class_list":["post-75383","post","type-post","status-publish","format-standard","hentry","category-noticias","tag-guarda-municipal"],"_links":{"self":[{"href":"https:\/\/jundiai.sp.gov.br\/noticias\/wp-json\/wp\/v2\/posts\/75383","targetHints":{"allow":["GET"]}}],"collection":[{"href":"https:\/\/jundiai.sp.gov.br\/noticias\/wp-json\/wp\/v2\/posts"}],"about":[{"href":"https:\/\/jundiai.sp.gov.br\/noticias\/wp-json\/wp\/v2\/types\/post"}],"author":[{"embeddable":true,"href":"https:\/\/jundiai.sp.gov.br\/noticias\/wp-json\/wp\/v2\/users\/10"}],"replies":[{"embeddable":true,"href":"https:\/\/jundiai.sp.gov.br\/noticias\/wp-json\/wp\/v2\/comments?post=75383"}],"version-history":[{"count":2,"href":"https:\/\/jundiai.sp.gov.br\/noticias\/wp-json\/wp\/v2\/posts\/75383\/revisions"}],"predecessor-version":[{"id":126442,"href":"https:\/\/jundiai.sp.gov.br\/noticias\/wp-json\/wp\/v2\/posts\/75383\/revisions\/126442"}],"wp:attachment":[{"href":"https:\/\/jundiai.sp.gov.br\/noticias\/wp-json\/wp\/v2\/media?parent=75383"}],"wp:term":[{"taxonomy":"category","embeddable":true,"href":"https:\/\/jundiai.sp.gov.br\/noticias\/wp-json\/wp\/v2\/categories?post=75383"},{"taxonomy":"post_tag","embeddable":true,"href":"https:\/\/jundiai.sp.gov.br\/noticias\/wp-json\/wp\/v2\/tags?post=75383"},{"taxonomy":"ods","embeddable":true,"href":"https:\/\/jundiai.sp.gov.br\/noticias\/wp-json\/wp\/v2\/ods?post=75383"}],"curies":[{"name":"wp","href":"https:\/\/api.w.org\/{rel}","templated":true}]}}