{"id":75394,"date":"2013-11-22T19:02:14","date_gmt":"2013-11-22T21:02:14","guid":{"rendered":"https:\/\/jundiai.sp.gov.br\/noticias\/?p=75394"},"modified":"2016-11-04T11:22:27","modified_gmt":"2016-11-04T13:22:27","slug":"jundiai-tera-mutirao-de-conciliacao-em-dezembro","status":"publish","type":"post","link":"https:\/\/jundiai.sp.gov.br\/noticias\/2013\/11\/22\/jundiai-tera-mutirao-de-conciliacao-em-dezembro\/","title":{"rendered":"Jundia\u00ed ter\u00e1 mutir\u00e3o de concilia\u00e7\u00e3o em dezembro"},"content":{"rendered":"<p><strong>Nesta sexta-feira (22), a ju\u00edza de Direito da 2\u00aa Vara da Fam\u00edlia e das Sucess\u00f5es, Val\u00e9ria Ferioli Lagrasta Luchiari, anunciou o mutir\u00e3o da concilia\u00e7\u00e3o, nos dias 6 e 7 de dezembro. Esta \u00e9 uma realiza\u00e7\u00e3o do Tribunal de Justi\u00e7a de S\u00e3o Paulo, com apoio da Prefeitura de Jundia\u00ed.<\/strong><\/p>\n<p><strong>A iniciativa busca solucionar lit\u00edgios antes mesmo que cheguem \u00e0s varas da Justi\u00e7a e, no caso de Jundia\u00ed, ser\u00e1 dirigida a todos os cidad\u00e3os que possuem pend\u00eancias nas \u00e1reas C\u00edvel e de Fam\u00edlia.<\/strong><\/p>\n<div id=\"attachment_126437\" style=\"width: 730px\" class=\"wp-caption aligncenter\"><a href=\"https:\/\/jundiai.sp.gov.br\/noticias\/wp-content\/uploads\/sites\/32\/2013\/11\/Conciliacao_Mediacao_A_3G.jpg\"><img loading=\"lazy\" decoding=\"async\" aria-describedby=\"caption-attachment-126437\" src=\"https:\/\/jundiai.sp.gov.br\/noticias\/wp-content\/uploads\/sites\/32\/2013\/11\/Conciliacao_Mediacao_A_3G-720x292.jpg\" alt=\"Adilson, Lia e Val\u00e9ria apresentam mutir\u00e3o de concilia\u00e7\u00e3o\" width=\"720\" height=\"292\" class=\"size-large wp-image-126437\" srcset=\"https:\/\/jundiai.sp.gov.br\/noticias\/wp-content\/uploads\/sites\/32\/2013\/11\/Conciliacao_Mediacao_A_3G-720x292.jpg 720w, https:\/\/jundiai.sp.gov.br\/noticias\/wp-content\/uploads\/sites\/32\/2013\/11\/Conciliacao_Mediacao_A_3G-300x121.jpg 300w, https:\/\/jundiai.sp.gov.br\/noticias\/wp-content\/uploads\/sites\/32\/2013\/11\/Conciliacao_Mediacao_A_3G.jpg 1240w\" sizes=\"auto, (max-width: 720px) 100vw, 720px\" \/><\/a><p id=\"caption-attachment-126437\" class=\"wp-caption-text\">Adilson, Lia e Val\u00e9ria apresentam mutir\u00e3o de concilia\u00e7\u00e3o<\/p><\/div>\n<p>No encontro, Lia Cristina Gaspari Ceolin, da Secretaria de Neg\u00f3cios Jur\u00eddicos, afirma a import\u00e2ncia do mutir\u00e3o. \u201cA Prefeitura est\u00e1 cedendo o espa\u00e7o para que as concilia\u00e7\u00f5es sejam realizadas e esperamos que os casos sejam resolvidos\u201d.<\/p>\n<p>Aqueles que desejam resolver problemas como div\u00f3rcio, convers\u00e3o de separa\u00e7\u00e3o em div\u00f3rcio, pens\u00e3o aliment\u00edcia, d\u00edvidas e revis\u00e3o de alimentos, visitas e guarda dos filhos, reconhecimento de uni\u00e3o est\u00e1vel e reconhecimento de paternidade, assim como d\u00edvidas c\u00edveis, problemas com acidentes de tr\u00e2nsito, com prestadores de servi\u00e7o, entre outros, devem convidar a outra pessoa envolvida e comparecerem juntos, no Complexo Argos, localizado na rua Doutor Cavalcante, n\u00ba 396, das 9h \u00e0s 17h.<\/p>\n<p>O mun\u00edcipe tamb\u00e9m pode marcar o atendimento no mutir\u00e3o indo at\u00e9 o F\u00f3rum, na rua Bar\u00e3o de Jundia\u00ed, n\u00ba 1234, no 3\u00ba andar, ou na rua Marc\u00edlio Dias, 58.<\/p>\n<p>\u201cAs pessoas podem ir ao F\u00f3rum para resolver uma concilia\u00e7\u00e3o, mas podem demorar cerca de 30 dias. J\u00e1 o mutir\u00e3o visa agilizar este processo. Se as partes comparecerem juntas com a documenta\u00e7\u00e3o poder\u00e3o resolver na hora\u201d, afirma a ju\u00edza.<\/p>\n<p>Tamb\u00e9m estavam presentes no encontro o Dr. Adilson Messias, da Secretaria de Neg\u00f3cios Jur\u00eddicos, o diretor-presidente do Iprejun, Eudis Urbano dos Santos, e o secret\u00e1rio de Finan\u00e7as, Paulo Roberto Galv\u00e3o.<\/p>\n<p><em><strong>Luiza Oliveira<br \/>\nFoto: Alessandro Rosman <\/strong><\/em><\/p>\n","protected":false},"excerpt":{"rendered":"<p>Nesta sexta-feira (22), a ju\u00edza de Direito da 2\u00aa Vara da Fam\u00edlia e das Sucess\u00f5es, Val\u00e9ria Ferioli Lagrasta Luchiari, anunciou o mutir\u00e3o da concilia\u00e7\u00e3o, nos dias 6 e 7 de dezembro. Esta \u00e9 uma realiza\u00e7\u00e3o do Tribunal de Justi\u00e7a de S\u00e3o Paulo, com apoio da Prefeitura de Jundia\u00ed. A iniciativa busca solucionar lit\u00edgios antes mesmo [&hellip;]<\/p>\n","protected":false},"author":10,"featured_media":0,"comment_status":"closed","ping_status":"closed","sticky":false,"template":"","format":"standard","meta":{"footnotes":""},"categories":[2],"tags":[],"ods":[],"class_list":["post-75394","post","type-post","status-publish","format-standard","hentry","category-noticias"],"_links":{"self":[{"href":"https:\/\/jundiai.sp.gov.br\/noticias\/wp-json\/wp\/v2\/posts\/75394","targetHints":{"allow":["GET"]}}],"collection":[{"href":"https:\/\/jundiai.sp.gov.br\/noticias\/wp-json\/wp\/v2\/posts"}],"about":[{"href":"https:\/\/jundiai.sp.gov.br\/noticias\/wp-json\/wp\/v2\/types\/post"}],"author":[{"embeddable":true,"href":"https:\/\/jundiai.sp.gov.br\/noticias\/wp-json\/wp\/v2\/users\/10"}],"replies":[{"embeddable":true,"href":"https:\/\/jundiai.sp.gov.br\/noticias\/wp-json\/wp\/v2\/comments?post=75394"}],"version-history":[{"count":1,"href":"https:\/\/jundiai.sp.gov.br\/noticias\/wp-json\/wp\/v2\/posts\/75394\/revisions"}],"predecessor-version":[{"id":126438,"href":"https:\/\/jundiai.sp.gov.br\/noticias\/wp-json\/wp\/v2\/posts\/75394\/revisions\/126438"}],"wp:attachment":[{"href":"https:\/\/jundiai.sp.gov.br\/noticias\/wp-json\/wp\/v2\/media?parent=75394"}],"wp:term":[{"taxonomy":"category","embeddable":true,"href":"https:\/\/jundiai.sp.gov.br\/noticias\/wp-json\/wp\/v2\/categories?post=75394"},{"taxonomy":"post_tag","embeddable":true,"href":"https:\/\/jundiai.sp.gov.br\/noticias\/wp-json\/wp\/v2\/tags?post=75394"},{"taxonomy":"ods","embeddable":true,"href":"https:\/\/jundiai.sp.gov.br\/noticias\/wp-json\/wp\/v2\/ods?post=75394"}],"curies":[{"name":"wp","href":"https:\/\/api.w.org\/{rel}","templated":true}]}}