{"id":75399,"date":"2013-11-22T19:07:10","date_gmt":"2013-11-22T21:07:10","guid":{"rendered":"https:\/\/jundiai.sp.gov.br\/noticias\/?p=75399"},"modified":"2016-11-04T11:22:27","modified_gmt":"2016-11-04T13:22:27","slug":"saude-inova-acoes-de-manutencao-de-tecnologias","status":"publish","type":"post","link":"https:\/\/jundiai.sp.gov.br\/noticias\/2013\/11\/22\/saude-inova-acoes-de-manutencao-de-tecnologias\/","title":{"rendered":"Sa\u00fade inova a\u00e7\u00f5es de manuten\u00e7\u00e3o de tecnologias"},"content":{"rendered":"<p><strong>A Secretaria de Sa\u00fade iniciou nesta sexta-feira (22) as reuni\u00f5es de lan\u00e7amento do sistema de planilhas e informa\u00e7\u00f5es para a manuten\u00e7\u00e3o dos equipamentos de uso di\u00e1rio na rede de 37 unidades b\u00e1sicas e de sa\u00fade da fam\u00edlia e 10 ambulat\u00f3rios, sem contar os dois hospitais p\u00fablicos e os pronto atendimentos al\u00e9m de uma faculdade e de entidades conveniadas. A proposta \u00e9 melhorar o controle e a efici\u00eancia desses servi\u00e7os diante da demanda cada vez maior de tecnologias.<\/strong><\/p>\n<p><strong>MAIS<br \/>\n<a href=\"https:\/\/jundiai.sp.gov.br\/noticias\/2013\/11\/fumas-e-cdhu-realizam-mutirao-de-conciliacao\/\" target=\"_blank\">Fumas e CDHU realizam mutir\u00e3o de concilia\u00e7\u00e3o<\/strong><\/a><\/p>\n<div id=\"attachment_126435\" style=\"width: 730px\" class=\"wp-caption aligncenter\"><a href=\"https:\/\/jundiai.sp.gov.br\/noticias\/wp-content\/uploads\/sites\/32\/2013\/11\/saude_manutecao_D7g.jpg\"><img loading=\"lazy\" decoding=\"async\" aria-describedby=\"caption-attachment-126435\" src=\"https:\/\/jundiai.sp.gov.br\/noticias\/wp-content\/uploads\/sites\/32\/2013\/11\/saude_manutecao_D7g-720x510.jpg\" alt=\"Gerentes debatem novo m\u00e9todo para cuidados com equipamentos\" width=\"720\" height=\"510\" class=\"size-large wp-image-126435\" srcset=\"https:\/\/jundiai.sp.gov.br\/noticias\/wp-content\/uploads\/sites\/32\/2013\/11\/saude_manutecao_D7g-720x510.jpg 720w, https:\/\/jundiai.sp.gov.br\/noticias\/wp-content\/uploads\/sites\/32\/2013\/11\/saude_manutecao_D7g-300x212.jpg 300w, https:\/\/jundiai.sp.gov.br\/noticias\/wp-content\/uploads\/sites\/32\/2013\/11\/saude_manutecao_D7g.jpg 1240w\" sizes=\"auto, (max-width: 720px) 100vw, 720px\" \/><\/a><p id=\"caption-attachment-126435\" class=\"wp-caption-text\">Gerentes debatem novo m\u00e9todo para cuidados com equipamentos<\/p><\/div>\n<p>\u201cOs gerentes de unidades da rede municipal de sa\u00fade, al\u00e9m das preocupa\u00e7\u00f5es com o atendimento, tamb\u00e9m precisam lidar com o funcionamento normal da infraestrutura\u201d, explicou Amariliz Bressan Bertonha, da Coordena\u00e7\u00e3o de Aten\u00e7\u00e3o B\u00e1sica, que preparou o material em colabora\u00e7\u00e3o com Simone Elisa Serra.<\/p>\n<p>Foram duas turmas iniciais e outras duas na pr\u00f3xima quinta-feira (28). Um dos explanadores foi o cirurgi\u00e3o-dentista Maur\u00edcio Rodolfo Ciampaglia, do setor de sa\u00fade bucal, que detalhou os cuidados necess\u00e1rios para lidar com materiais como o merc\u00fario e os sintomas de desgaste dos equipamentos odontol\u00f3gicos.<\/p>\n<p>\u201cCom as fichas de manuten\u00e7\u00e3o e os informes sobre prazos de garantia e casos de atendimento interno ou acionamento do fornecedor externo \u00e9 poss\u00edvel evitar gastos desnecess\u00e1rios e garantir a qualidade do equipamento\u201d, comentou.<\/p>\n<p>A valoriza\u00e7\u00e3o da fun\u00e7\u00e3o dos gerentes de unidades da rede de sa\u00fade j\u00e1 havia sido iniciada neste ano com o sistema de controle de custos por unidade, implantado pelo diretor financeiro Marino Mazzei Filho. A medida permite a visualiza\u00e7\u00e3o r\u00e1pida de mudan\u00e7as na demanda das unidades, identificando problemas pontuais ou ajustando a estrutura de cada uma delas.<\/p>\n<p>Embora tenha sido articulada por profissionais do setor de Aten\u00e7\u00e3o B\u00e1sica, o sistema proposto para a manuten\u00e7\u00e3o tecnol\u00f3gica da rede municipal de sa\u00fade envolve tamb\u00e9m os demais setores. O compartilhamento de prazos e caracter\u00edsticas dos contratos de fornecedores, por exemplo, vai permitir aos gestores das unidades o encaminhamento adequado das demandas internas ou externas no cotidiano.<\/p>\n<p><em><strong>Jos\u00e9 Arnaldo de Oliveira<br \/>\nFoto: Fot\u00f3grafos PMJ<\/strong><\/em><\/p>\n","protected":false},"excerpt":{"rendered":"<p>A Secretaria de Sa\u00fade iniciou nesta sexta-feira (22) as reuni\u00f5es de lan\u00e7amento do sistema de planilhas e informa\u00e7\u00f5es para a manuten\u00e7\u00e3o dos equipamentos de uso di\u00e1rio na rede de 37 unidades b\u00e1sicas e de sa\u00fade da fam\u00edlia e 10 ambulat\u00f3rios, sem contar os dois hospitais p\u00fablicos e os pronto atendimentos al\u00e9m de uma faculdade e [&hellip;]<\/p>\n","protected":false},"author":10,"featured_media":0,"comment_status":"closed","ping_status":"closed","sticky":false,"template":"","format":"standard","meta":{"footnotes":""},"categories":[2],"tags":[3],"ods":[],"class_list":["post-75399","post","type-post","status-publish","format-standard","hentry","category-noticias","tag-saude"],"_links":{"self":[{"href":"https:\/\/jundiai.sp.gov.br\/noticias\/wp-json\/wp\/v2\/posts\/75399","targetHints":{"allow":["GET"]}}],"collection":[{"href":"https:\/\/jundiai.sp.gov.br\/noticias\/wp-json\/wp\/v2\/posts"}],"about":[{"href":"https:\/\/jundiai.sp.gov.br\/noticias\/wp-json\/wp\/v2\/types\/post"}],"author":[{"embeddable":true,"href":"https:\/\/jundiai.sp.gov.br\/noticias\/wp-json\/wp\/v2\/users\/10"}],"replies":[{"embeddable":true,"href":"https:\/\/jundiai.sp.gov.br\/noticias\/wp-json\/wp\/v2\/comments?post=75399"}],"version-history":[{"count":2,"href":"https:\/\/jundiai.sp.gov.br\/noticias\/wp-json\/wp\/v2\/posts\/75399\/revisions"}],"predecessor-version":[{"id":126436,"href":"https:\/\/jundiai.sp.gov.br\/noticias\/wp-json\/wp\/v2\/posts\/75399\/revisions\/126436"}],"wp:attachment":[{"href":"https:\/\/jundiai.sp.gov.br\/noticias\/wp-json\/wp\/v2\/media?parent=75399"}],"wp:term":[{"taxonomy":"category","embeddable":true,"href":"https:\/\/jundiai.sp.gov.br\/noticias\/wp-json\/wp\/v2\/categories?post=75399"},{"taxonomy":"post_tag","embeddable":true,"href":"https:\/\/jundiai.sp.gov.br\/noticias\/wp-json\/wp\/v2\/tags?post=75399"},{"taxonomy":"ods","embeddable":true,"href":"https:\/\/jundiai.sp.gov.br\/noticias\/wp-json\/wp\/v2\/ods?post=75399"}],"curies":[{"name":"wp","href":"https:\/\/api.w.org\/{rel}","templated":true}]}}