{"id":75410,"date":"2013-11-22T19:30:16","date_gmt":"2013-11-22T21:30:16","guid":{"rendered":"https:\/\/jundiai.sp.gov.br\/noticias\/?p=75410"},"modified":"2016-11-04T11:22:28","modified_gmt":"2016-11-04T13:22:28","slug":"prefeitura-prepara-decoracao-natalina-na-cidade","status":"publish","type":"post","link":"https:\/\/jundiai.sp.gov.br\/noticias\/2013\/11\/22\/prefeitura-prepara-decoracao-natalina-na-cidade\/","title":{"rendered":"Prefeitura prepara decora\u00e7\u00e3o natalina na cidade"},"content":{"rendered":"<p><strong>A magia do Natal vai invadir o Centro e diversos bairros de Jundia\u00ed, a partir de dezembro, com o projeto \u2018Natal Iluminado\u2019, realizado pelo Fundo Social de Solidariedade (Funss), com apoio das secretarias de Cultura e de Servi\u00e7os P\u00fablicos. A proposta vai levar \u00e0 cidade uma decora\u00e7\u00e3o especial.<\/strong><\/p>\n<p><a href=\"https:\/\/jundiai.sp.gov.br\/noticias\/natal-solidario-2013\/\" target=\"_blank\"><strong>PARTICIPE DA CAMPANHA NATAL SOLID\u00c1RIO<\/strong><\/a><br \/>\n<a href=\"https:\/\/jundiai.sp.gov.br\/noticias\/2013\/11\/prefeitura-repassa-recurso-para-carnaval-2014\/\" target=\"_blank\"><strong>Prefeitura repassa recurso para carnaval 2014<\/strong><\/a><\/p>\n<div id=\"attachment_124043\" style=\"width: 730px\" class=\"wp-caption aligncenter\"><a href=\"https:\/\/jundiai.sp.gov.br\/noticias\/wp-content\/uploads\/sites\/32\/2013\/11\/praca_3G1.jpg\"><img loading=\"lazy\" decoding=\"async\" aria-describedby=\"caption-attachment-124043\" src=\"https:\/\/jundiai.sp.gov.br\/noticias\/wp-content\/uploads\/sites\/32\/2013\/11\/praca_3G1-720x479.jpg\" alt=\"Centro \u00e9 um dos bairros que receber\u00e1 a decora\u00e7\u00e3o natalina\" width=\"720\" height=\"479\" class=\"size-large wp-image-124043\" srcset=\"https:\/\/jundiai.sp.gov.br\/noticias\/wp-content\/uploads\/sites\/32\/2013\/11\/praca_3G1-720x479.jpg 720w, https:\/\/jundiai.sp.gov.br\/noticias\/wp-content\/uploads\/sites\/32\/2013\/11\/praca_3G1-300x199.jpg 300w, https:\/\/jundiai.sp.gov.br\/noticias\/wp-content\/uploads\/sites\/32\/2013\/11\/praca_3G1.jpg 1240w\" sizes=\"auto, (max-width: 720px) 100vw, 720px\" \/><\/a><p id=\"caption-attachment-124043\" class=\"wp-caption-text\">Centro \u00e9 um dos bairros que receber\u00e1 a decora\u00e7\u00e3o natalina<\/p><\/div>\n<p><strong>Centro, Vila Arens, Vila Hortol\u00e2ndia, Ponte S\u00e3o Jo\u00e3o, Vila Rio Branco, Vila Rami, Agapeama, Vianelo, Eloy Chaves, rua do Retiro, avenida Jundia\u00ed, Nove de Julho e Pa\u00e7o Municipal ser\u00e3o decorados<\/strong>. &#8220;A ideia \u00e9 resgatar na cidade a quest\u00e3o de enfeitar alguns pontos e tamb\u00e9m o verdadeiro sentido do Natal, que \u00e9 o amor, fraternidade e solidariedade&#8221;, diz a primeira-dama Margarete Geraldo Bigardi, presidente do Funss. <\/p>\n<p>Ela lembra ainda que a inten\u00e7\u00e3o \u00e9 levar momentos de lazer e entretenimento \u00e0 popula\u00e7\u00e3o, al\u00e9m de incentivar o com\u00e9rcio do munic\u00edpio. &#8220;Gostaria que houvesse um envolvimento de todos, para que nosso prop\u00f3sito ficasse ainda mais bonito. Espero que a popula\u00e7\u00e3o entre no clima e tamb\u00e9m enfeite suas casas.&#8221;<\/p>\n<p>A primeira-dama frisa que, para 2014, pretende envolver as entidades assistenciais da cidade na proposta do Natal Iluminado. &#8220;Quero que elas se beneficiem e colham bons frutos desse evento, al\u00e9m de divulgar o trabalho que realizam.&#8221; Ela lembra ainda que <a href=\"https:\/\/jundiai.sp.gov.br\/noticias\/2013\/11\/cultura-prepara-programacao-especial-para-dezembro\/\" target=\"_blank\"><strong>a Secretaria de Cultura est\u00e1 preparando uma programa\u00e7\u00e3o especial para o Centro<\/strong><\/a>. <\/p>\n<div id=\"attachment_124045\" style=\"width: 730px\" class=\"wp-caption aligncenter\"><a href=\"https:\/\/jundiai.sp.gov.br\/noticias\/wp-content\/uploads\/sites\/32\/2013\/11\/campanha_natal_funss_margarete_p_7G.jpg\"><img loading=\"lazy\" decoding=\"async\" aria-describedby=\"caption-attachment-124045\" src=\"https:\/\/jundiai.sp.gov.br\/noticias\/wp-content\/uploads\/sites\/32\/2013\/11\/campanha_natal_funss_margarete_p_7G-720x550.jpg\" alt=\"Primeira-dama Margarete Bigardi est\u00e1 \u00e0 frente da iniciativa\" width=\"720\" height=\"550\" class=\"size-large wp-image-124045\" srcset=\"https:\/\/jundiai.sp.gov.br\/noticias\/wp-content\/uploads\/sites\/32\/2013\/11\/campanha_natal_funss_margarete_p_7G-720x550.jpg 720w, https:\/\/jundiai.sp.gov.br\/noticias\/wp-content\/uploads\/sites\/32\/2013\/11\/campanha_natal_funss_margarete_p_7G-300x229.jpg 300w, https:\/\/jundiai.sp.gov.br\/noticias\/wp-content\/uploads\/sites\/32\/2013\/11\/campanha_natal_funss_margarete_p_7G.jpg 1240w\" sizes=\"auto, (max-width: 720px) 100vw, 720px\" \/><\/a><p id=\"caption-attachment-124045\" class=\"wp-caption-text\">Primeira-dama Margarete Bigardi est\u00e1 \u00e0 frente da iniciativa<\/p><\/div>\n<p>De acordo com Felipe Hass, diretor de projetos da empresa Fare &#8211; contratada por meio de preg\u00e3o eletr\u00f4nico, realizado dia 7 de novembro de 2013 &#8211; a proposta \u00e9 grandiosa e <strong>a montagem ser\u00e1 iniciada na pr\u00f3xima semana<\/strong>.<\/p>\n<p>Segundo ele, 970 postes ser\u00e3o decorados pela cidade. \u201cTodos contar\u00e3o com estrelas e raios.\u201d No Centro, uma casa do Papai Noel ser\u00e1 montada. \u201cA artista pl\u00e1stica Juliana Fernandes, de Jundia\u00ed, est\u00e1 confeccionando. Tudo est\u00e1 sendo feito com muito capricho. Ainda no Centro, dois bonecos de fibra (um Papai Noel e um Soldado de Chumbo), nos quais o p\u00fablico poder\u00e1 entrar e interagir, ser\u00e3o instalados.&#8221;<\/p>\n<p>A 9 de Julho receber\u00e1 faixas de tecido e guirlandas nos postes. Na pra\u00e7a Monsenhor Doutor Arthur Ricci, no final da avenida, sentido bairro-centro, uma locomotiva de fibra ser\u00e1 instalada. O enfeite vem do Rio Grande do Sul e tem 15m\u00b2.<\/p>\n<p>Para o Pa\u00e7o Municipal, mais surpresas. Um Papai Noel infl\u00e1vel gigante vai enfeitar o local. Ele ser\u00e1 pendurado na pra\u00e7a central da Prefeitura. Al\u00e9m disso, 500 strobos para ilumina\u00e7\u00e3o ser\u00e3o colocados.<\/p>\n<p><em><strong>Luana Dias<br \/>\nFoto: Paulo Gr\u00e9gio<\/strong><\/em><\/p>\n","protected":false},"excerpt":{"rendered":"<p>Centro e diversos bairros v\u00e3o receber novo visual; casa do Papai Noel \u00e9 uma das novidades <\/p>\n","protected":false},"author":10,"featured_media":0,"comment_status":"closed","ping_status":"closed","sticky":false,"template":"","format":"standard","meta":{"footnotes":""},"categories":[2],"tags":[29],"ods":[],"class_list":["post-75410","post","type-post","status-publish","format-standard","hentry","category-noticias","tag-cultura"],"_links":{"self":[{"href":"https:\/\/jundiai.sp.gov.br\/noticias\/wp-json\/wp\/v2\/posts\/75410","targetHints":{"allow":["GET"]}}],"collection":[{"href":"https:\/\/jundiai.sp.gov.br\/noticias\/wp-json\/wp\/v2\/posts"}],"about":[{"href":"https:\/\/jundiai.sp.gov.br\/noticias\/wp-json\/wp\/v2\/types\/post"}],"author":[{"embeddable":true,"href":"https:\/\/jundiai.sp.gov.br\/noticias\/wp-json\/wp\/v2\/users\/10"}],"replies":[{"embeddable":true,"href":"https:\/\/jundiai.sp.gov.br\/noticias\/wp-json\/wp\/v2\/comments?post=75410"}],"version-history":[{"count":4,"href":"https:\/\/jundiai.sp.gov.br\/noticias\/wp-json\/wp\/v2\/posts\/75410\/revisions"}],"predecessor-version":[{"id":155021,"href":"https:\/\/jundiai.sp.gov.br\/noticias\/wp-json\/wp\/v2\/posts\/75410\/revisions\/155021"}],"wp:attachment":[{"href":"https:\/\/jundiai.sp.gov.br\/noticias\/wp-json\/wp\/v2\/media?parent=75410"}],"wp:term":[{"taxonomy":"category","embeddable":true,"href":"https:\/\/jundiai.sp.gov.br\/noticias\/wp-json\/wp\/v2\/categories?post=75410"},{"taxonomy":"post_tag","embeddable":true,"href":"https:\/\/jundiai.sp.gov.br\/noticias\/wp-json\/wp\/v2\/tags?post=75410"},{"taxonomy":"ods","embeddable":true,"href":"https:\/\/jundiai.sp.gov.br\/noticias\/wp-json\/wp\/v2\/ods?post=75410"}],"curies":[{"name":"wp","href":"https:\/\/api.w.org\/{rel}","templated":true}]}}