{"id":75422,"date":"2013-11-22T19:35:55","date_gmt":"2013-11-22T21:35:55","guid":{"rendered":"https:\/\/jundiai.sp.gov.br\/noticias\/?p=75422"},"modified":"2016-11-04T11:22:28","modified_gmt":"2016-11-04T13:22:28","slug":"cultura-prepara-programacao-especial-para-dezembro","status":"publish","type":"post","link":"https:\/\/jundiai.sp.gov.br\/noticias\/2013\/11\/22\/cultura-prepara-programacao-especial-para-dezembro\/","title":{"rendered":"Cultura prepara programa\u00e7\u00e3o especial para dezembro"},"content":{"rendered":"<p>A Secretaria de Cultura prepara uma programa\u00e7\u00e3o especial para dezembro, no Centro. Por meio do Museu Hist\u00f3rico e Cultural de Jundia\u00ed, realiza de 3 de dezembro a 6 de janeiro a tradicional Exposi\u00e7\u00e3o de Pres\u00e9pios. Al\u00e9m disso, o Museu retoma um projeto antigo com apresenta\u00e7\u00f5es do &#8220;Auto! \u00c9 Natal!&#8221;, com dire\u00e7\u00e3o do ator Cl\u00e1udio de Albuquerque.<\/p>\n<p>&#8220;Iremos contar a hist\u00f3ria do nascimento do menino Jesus utilizando recursos da cultura popular brasileira, m\u00fasica e teatro. O elenco foi selecionado e ser\u00e1 misto com atores profissionais e amadores. Eles participam de oficina durante um m\u00eas para a montagem do espet\u00e1culo que ter\u00e1 dura\u00e7\u00e3o de 25 minutos, apresentado no jardim do museu&#8221;, conta Cl\u00e1udio.<\/p>\n<p>Em comemora\u00e7\u00e3o ao anivers\u00e1rio do Teatro Polytheama e de Jundia\u00ed, a Secretaria de Cultura tamb\u00e9m preparou uma programa\u00e7\u00e3o especial e gratuita para o fim de semana de 13 a 15 de dezembro. <\/p>\n<p><strong>CONFIRA A PROGRAMA\u00c7\u00c3O<\/strong><\/p>\n<p><strong>Dia 13, \u00e0s 10h, 14h e \u00e0s 15h<\/strong> &#8211; A Viagem Fant\u00e1stica Especial<br \/>\n<strong>Dia 13, \u00e0s 20h<\/strong> &#8211; Orquestra Municipal de Jundia\u00ed &#8211; &#8220;A orquestra visita o rock e o rock visita a orquestra&#8221;<br \/>\n<strong>Dia 14, \u00e0s 17h<\/strong> &#8211; Pernambuco em 4 atos<br \/>\n<strong>Dia 14, \u00e0s 19h e 21h30<\/strong> &#8211; Cia C\u00eanica Nau de \u00cdcaros<br \/>\n<strong>Dia 15, \u00e0s 11h<\/strong> &#8211; Concerto do Coral Municipal de Jundia\u00ed com a participa\u00e7\u00e3o da Cia Canto Vivo e Reg\u00eancia de Cl\u00e1udia de Queiroz<br \/>\n<strong>Dia 15, \u00e0s 14h<\/strong> &#8211; Chapeuzinho Vermelho Ecol\u00f3gico &#8211; Cia Rick Kelly<br \/>\n<strong>Dia 15, \u00e0s 17h<\/strong> &#8211; Oficina de m\u00e1scaras<br \/>\n<strong>Dia 15, \u00e0s 20h<\/strong> &#8211; N\u00e1 Ozzeti &#8211; Meu quintal<\/p>\n<p><em><strong>Fl\u00e1via Alves<\/strong><\/em><\/p>\n","protected":false},"excerpt":{"rendered":"<p>A Secretaria de Cultura prepara uma programa\u00e7\u00e3o especial para dezembro, no Centro. Por meio do Museu Hist\u00f3rico e Cultural de Jundia\u00ed, realiza de 3 de dezembro a 6 de janeiro a tradicional Exposi\u00e7\u00e3o de Pres\u00e9pios. Al\u00e9m disso, o Museu retoma um projeto antigo com apresenta\u00e7\u00f5es do &#8220;Auto! \u00c9 Natal!&#8221;, com dire\u00e7\u00e3o do ator Cl\u00e1udio de [&hellip;]<\/p>\n","protected":false},"author":10,"featured_media":0,"comment_status":"closed","ping_status":"closed","sticky":false,"template":"","format":"standard","meta":{"footnotes":""},"categories":[2],"tags":[29],"ods":[],"class_list":["post-75422","post","type-post","status-publish","format-standard","hentry","category-noticias","tag-cultura"],"_links":{"self":[{"href":"https:\/\/jundiai.sp.gov.br\/noticias\/wp-json\/wp\/v2\/posts\/75422","targetHints":{"allow":["GET"]}}],"collection":[{"href":"https:\/\/jundiai.sp.gov.br\/noticias\/wp-json\/wp\/v2\/posts"}],"about":[{"href":"https:\/\/jundiai.sp.gov.br\/noticias\/wp-json\/wp\/v2\/types\/post"}],"author":[{"embeddable":true,"href":"https:\/\/jundiai.sp.gov.br\/noticias\/wp-json\/wp\/v2\/users\/10"}],"replies":[{"embeddable":true,"href":"https:\/\/jundiai.sp.gov.br\/noticias\/wp-json\/wp\/v2\/comments?post=75422"}],"version-history":[{"count":1,"href":"https:\/\/jundiai.sp.gov.br\/noticias\/wp-json\/wp\/v2\/posts\/75422\/revisions"}],"predecessor-version":[{"id":181885,"href":"https:\/\/jundiai.sp.gov.br\/noticias\/wp-json\/wp\/v2\/posts\/75422\/revisions\/181885"}],"wp:attachment":[{"href":"https:\/\/jundiai.sp.gov.br\/noticias\/wp-json\/wp\/v2\/media?parent=75422"}],"wp:term":[{"taxonomy":"category","embeddable":true,"href":"https:\/\/jundiai.sp.gov.br\/noticias\/wp-json\/wp\/v2\/categories?post=75422"},{"taxonomy":"post_tag","embeddable":true,"href":"https:\/\/jundiai.sp.gov.br\/noticias\/wp-json\/wp\/v2\/tags?post=75422"},{"taxonomy":"ods","embeddable":true,"href":"https:\/\/jundiai.sp.gov.br\/noticias\/wp-json\/wp\/v2\/ods?post=75422"}],"curies":[{"name":"wp","href":"https:\/\/api.w.org\/{rel}","templated":true}]}}