{"id":75427,"date":"2013-11-22T19:46:21","date_gmt":"2013-11-22T21:46:21","guid":{"rendered":"https:\/\/jundiai.sp.gov.br\/noticias\/?p=75427"},"modified":"2016-11-04T11:22:29","modified_gmt":"2016-11-04T13:22:29","slug":"prefeitura-repassa-recurso-para-carnaval-2014","status":"publish","type":"post","link":"https:\/\/jundiai.sp.gov.br\/noticias\/2013\/11\/22\/prefeitura-repassa-recurso-para-carnaval-2014\/","title":{"rendered":"Prefeitura repassa recurso para carnaval 2014"},"content":{"rendered":"<p><strong>A Prefeitura de Jundia\u00ed, por meio da Secretaria de Cultura, realizou nesta sexta-feira (22) o pagamento de 80% dos R$ 553 mil \u00e0 Lijunes (Liga Jundiaiense das Escolas de Samba) para a pr\u00e9-produ\u00e7\u00e3o, produ\u00e7\u00e3o e organiza\u00e7\u00e3o do carnaval 2014. A entidade \u00e9 respons\u00e1vel por repassar os recursos \u00e0s agremia\u00e7\u00f5es de Jundia\u00ed.<\/strong> <\/p>\n<p><strong>MAIS<br \/>\n<a href=\"https:\/\/jundiai.sp.gov.br\/noticias\/2013\/11\/prefeitura-prepara-decoracao-natalina-na-cidade\/\" target=\"_blank\">Prefeitura prepara decora\u00e7\u00e3o natalina na cidade<\/strong><\/a><\/p>\n<div id=\"attachment_124039\" style=\"width: 730px\" class=\"wp-caption aligncenter\"><a href=\"https:\/\/jundiai.sp.gov.br\/noticias\/wp-content\/uploads\/sites\/32\/2013\/11\/carnaval_2013_d163G.jpg\"><img loading=\"lazy\" decoding=\"async\" aria-describedby=\"caption-attachment-124039\" src=\"https:\/\/jundiai.sp.gov.br\/noticias\/wp-content\/uploads\/sites\/32\/2013\/11\/carnaval_2013_d163G-720x521.jpg\" alt=\"Recurso \u00e9 27% maior em compara\u00e7\u00e3o ao repasse para o carnaval deste ano\" width=\"720\" height=\"521\" class=\"size-large wp-image-124039\" srcset=\"https:\/\/jundiai.sp.gov.br\/noticias\/wp-content\/uploads\/sites\/32\/2013\/11\/carnaval_2013_d163G-720x521.jpg 720w, https:\/\/jundiai.sp.gov.br\/noticias\/wp-content\/uploads\/sites\/32\/2013\/11\/carnaval_2013_d163G-300x217.jpg 300w, https:\/\/jundiai.sp.gov.br\/noticias\/wp-content\/uploads\/sites\/32\/2013\/11\/carnaval_2013_d163G.jpg 1240w\" sizes=\"auto, (max-width: 720px) 100vw, 720px\" \/><\/a><p id=\"caption-attachment-124039\" class=\"wp-caption-text\">Recurso \u00e9 27% maior em compara\u00e7\u00e3o ao repasse para o carnaval deste ano<\/p><\/div>\n<p><strong>O valor \u00e9 27% maior em rela\u00e7\u00e3o ao carnaval deste ano, o que ir\u00e1 garantir para cada agremia\u00e7\u00e3o do grupo especial o repasse de R$ 75 mil e R$ 37.500 \u00e0s escolas do grupo de acesso.<\/strong> &#8220;Estamos trabalhando para ampliar e melhorar a qualidade dos desfiles de carnaval e tamb\u00e9m das escolas de samba&#8221;, afirma o secret\u00e1rio T\u00e9rcio Marinho.<\/p>\n<p>Segundo ele, esta demanda foi deliberada durante a realiza\u00e7\u00e3o do 1\u00ba Semin\u00e1rio da Cultura do Samba, realizado em agosto, que permitiu a identifica\u00e7\u00e3o das necessidades das escolas de samba. &#8220;Uma das principais reivindica\u00e7\u00f5es foi o aumento do recurso para a realiza\u00e7\u00e3o do carnaval e, com o planejamento, conseguimos este avan\u00e7o para a cidade.&#8221;<\/p>\n<p>O aumento do recurso permitir\u00e1 que se realize a produ\u00e7\u00e3o do evento que ir\u00e1 escolher a corte do carnaval, festa que dever\u00e1 acontecer em janeiro de 2014, al\u00e9m do pagamento da comiss\u00e3o julgadora. O restante do recurso ser\u00e1 dividido em duas parcelas: 10% em fevereiro e os outros 10% ap\u00f3s o carnaval e a entrega da presta\u00e7\u00e3o de contas das agremia\u00e7\u00f5es.<\/p>\n<p><strong>Outras melhorias<\/strong><br \/>\nA Secretaria de Cultura ir\u00e1 trabalhar na melhora da qualidade de todo evento, com o aumento do n\u00famero de vagas nas arquibancadas que devem ter qualidade superior ao que j\u00e1 foi trabalhado nos anos anteriores.<\/p>\n<p>&#8220;Teremos aumento na qualidade ainda na ilumina\u00e7\u00e3o, decora\u00e7\u00e3o, som, seguran\u00e7a e comodidade para todo o p\u00fablico que ir\u00e1 assistir a festa&#8221;, afirma o secret\u00e1rio de Cultura.<\/p>\n<p><em><strong>Fl\u00e1via Alves<br \/>\nFoto: Dorival Pinheiro Filho <\/strong><\/em><\/p>\n","protected":false},"excerpt":{"rendered":"<p>A Prefeitura de Jundia\u00ed, por meio da Secretaria de Cultura, realizou nesta sexta-feira (22) o pagamento de 80% dos R$ 553 mil \u00e0 Lijunes (Liga Jundiaiense das Escolas de Samba) para a pr\u00e9-produ\u00e7\u00e3o, produ\u00e7\u00e3o e organiza\u00e7\u00e3o do carnaval 2014. A entidade \u00e9 respons\u00e1vel por repassar os recursos \u00e0s agremia\u00e7\u00f5es de Jundia\u00ed. MAIS Prefeitura prepara decora\u00e7\u00e3o [&hellip;]<\/p>\n","protected":false},"author":10,"featured_media":0,"comment_status":"closed","ping_status":"closed","sticky":false,"template":"","format":"standard","meta":{"footnotes":""},"categories":[2],"tags":[29],"ods":[],"class_list":["post-75427","post","type-post","status-publish","format-standard","hentry","category-noticias","tag-cultura"],"_links":{"self":[{"href":"https:\/\/jundiai.sp.gov.br\/noticias\/wp-json\/wp\/v2\/posts\/75427","targetHints":{"allow":["GET"]}}],"collection":[{"href":"https:\/\/jundiai.sp.gov.br\/noticias\/wp-json\/wp\/v2\/posts"}],"about":[{"href":"https:\/\/jundiai.sp.gov.br\/noticias\/wp-json\/wp\/v2\/types\/post"}],"author":[{"embeddable":true,"href":"https:\/\/jundiai.sp.gov.br\/noticias\/wp-json\/wp\/v2\/users\/10"}],"replies":[{"embeddable":true,"href":"https:\/\/jundiai.sp.gov.br\/noticias\/wp-json\/wp\/v2\/comments?post=75427"}],"version-history":[{"count":2,"href":"https:\/\/jundiai.sp.gov.br\/noticias\/wp-json\/wp\/v2\/posts\/75427\/revisions"}],"predecessor-version":[{"id":124041,"href":"https:\/\/jundiai.sp.gov.br\/noticias\/wp-json\/wp\/v2\/posts\/75427\/revisions\/124041"}],"wp:attachment":[{"href":"https:\/\/jundiai.sp.gov.br\/noticias\/wp-json\/wp\/v2\/media?parent=75427"}],"wp:term":[{"taxonomy":"category","embeddable":true,"href":"https:\/\/jundiai.sp.gov.br\/noticias\/wp-json\/wp\/v2\/categories?post=75427"},{"taxonomy":"post_tag","embeddable":true,"href":"https:\/\/jundiai.sp.gov.br\/noticias\/wp-json\/wp\/v2\/tags?post=75427"},{"taxonomy":"ods","embeddable":true,"href":"https:\/\/jundiai.sp.gov.br\/noticias\/wp-json\/wp\/v2\/ods?post=75427"}],"curies":[{"name":"wp","href":"https:\/\/api.w.org\/{rel}","templated":true}]}}