{"id":75433,"date":"2013-11-22T20:25:43","date_gmt":"2013-11-22T22:25:43","guid":{"rendered":"https:\/\/jundiai.sp.gov.br\/noticias\/?p=75433"},"modified":"2016-11-04T11:22:28","modified_gmt":"2016-11-04T13:22:28","slug":"mulheres-encontro-reforca-participacao-na-sociedade","status":"publish","type":"post","link":"https:\/\/jundiai.sp.gov.br\/noticias\/2013\/11\/22\/mulheres-encontro-reforca-participacao-na-sociedade\/","title":{"rendered":"Mulheres: Encontro refor\u00e7a participa\u00e7\u00e3o na sociedade"},"content":{"rendered":"<p><strong>Refor\u00e7ar a import\u00e2ncia da mulher dentro da sociedade foi um dos objetivos do 1\u00ba Encontro de Pol\u00edticas P\u00fablicas para as Mulheres \u2013 A Mulher do s\u00e9culo XXI, realizado na noite desta sexta-feira (22) pela Coordenadoria de Pol\u00edticas P\u00fablicas para as Mulheres, no audit\u00f3rio do Ciesp.<\/strong><\/p>\n<p><strong>MAIS<br \/>\n<a href=\"https:\/\/jundiai.sp.gov.br\/noticias\/2013\/11\/testes-rapidos-de-aids-comecam-nesta-segunda-25\/\" target=\"_blank\">Testes r\u00e1pidos de Aids come\u00e7am nesta segunda (25)<\/strong><\/a><\/p>\n<p>\u201cApesar de ter muitas mulheres ocupando cargos de extrema import\u00e2ncia no nosso Pa\u00eds, como a pr\u00f3pria presidente da Rep\u00fablica, ainda tem tantas outras que sofrem viol\u00eancia dom\u00e9stica ou n\u00e3o s\u00e3o remuneradas da mesma forma ao ocupar um cargo igual ao de um homem\u201d, disse M\u00f4nica.<\/p>\n<div id=\"attachment_124028\" style=\"width: 730px\" class=\"wp-caption aligncenter\"><a href=\"https:\/\/jundiai.sp.gov.br\/noticias\/wp-content\/uploads\/sites\/32\/2013\/11\/politica_publica_mulheres_D41g.jpg\"><img loading=\"lazy\" decoding=\"async\" aria-describedby=\"caption-attachment-124028\" src=\"https:\/\/jundiai.sp.gov.br\/noticias\/wp-content\/uploads\/sites\/32\/2013\/11\/politica_publica_mulheres_D41g-720x488.jpg\" alt=\"Audit\u00f3rio do Ciesp foi palco do Encontro de Pol\u00edticas P\u00fablicas para as Mulheres\" width=\"720\" height=\"488\" class=\"size-large wp-image-124028\" srcset=\"https:\/\/jundiai.sp.gov.br\/noticias\/wp-content\/uploads\/sites\/32\/2013\/11\/politica_publica_mulheres_D41g-720x488.jpg 720w, https:\/\/jundiai.sp.gov.br\/noticias\/wp-content\/uploads\/sites\/32\/2013\/11\/politica_publica_mulheres_D41g-300x203.jpg 300w, https:\/\/jundiai.sp.gov.br\/noticias\/wp-content\/uploads\/sites\/32\/2013\/11\/politica_publica_mulheres_D41g.jpg 1240w\" sizes=\"auto, (max-width: 720px) 100vw, 720px\" \/><\/a><p id=\"caption-attachment-124028\" class=\"wp-caption-text\">Audit\u00f3rio do Ciesp foi palco do Encontro de Pol\u00edticas P\u00fablicas para as Mulheres<\/p><\/div>\n<p>Para o secret\u00e1rio da Casa Civil, Jos\u00e9 Carlos Pires, \u00e9 preciso encontros como este para debater como a mulher pode ter uma participa\u00e7\u00e3o mais ativa na pol\u00edtica de Jundia\u00ed. \u201cE pensar como o governo pode contribuir para que ela exer\u00e7a esse papel\u201d, afirmou<\/p>\n<p>Marcelo Lo M\u00f4naco, presidente da Escola de Governo e Gest\u00e3o &#8211; que apoiou o evento \u2013 elogiou as palestrantes e os temas debatidos. \u201cQue possamos, al\u00e9m de aprender, refletir sobre tudo que foi debatido aqui\u201d.<\/p>\n<p><strong>Palestras<\/strong><br \/>\nMariza Pomilio, superintendente da Ateal abordou o tema \u201cA Condi\u00e7\u00e3o da Mulher no S\u00e9culo XXI\u201d. Ela falou a mulher tem a responsabilidade por toda a futura gera\u00e7\u00e3o. \u201cA capacidade de fazer v\u00e1rias coisas ao mesmo tempo lhe d\u00e1 a capacidade de lidar melhor com os conflitos e as rela\u00e7\u00f5es sociais\u201d, relatou.<\/p>\n<p>A presidente da Ag\u00eancia de Desenvolvimento de Jundia\u00ed (ADJ), Elizabeth Broglio apresentou um breve hist\u00f3rico do Movimento Feminista. \u201cQuero mostrar que os movimentos feministas come\u00e7aram muito antes do Dia Internacional da Mulher\u201d, salientou.<\/p>\n<p>Por fim, Maria Liege Rocha, representante do comit\u00ea de dire\u00e7\u00e3o da Federa\u00e7\u00e3o Democr\u00e1tica Internacional de Mulheres, tratou do tema \u201cPol\u00edticas de Governo A\u00e7\u00f5es afirmativas na \u00c1rea\u201d. Ela contou sobre os principais avan\u00e7os do Plano Nacional de Pol\u00edticas P\u00fablicas para Mulheres e os principais desafios. <\/p>\n<div id=\"attachment_124031\" style=\"width: 730px\" class=\"wp-caption aligncenter\"><a href=\"https:\/\/jundiai.sp.gov.br\/noticias\/wp-content\/uploads\/sites\/32\/2013\/11\/politica_publica_mulheres_D5g1.jpg\"><img loading=\"lazy\" decoding=\"async\" aria-describedby=\"caption-attachment-124031\" src=\"https:\/\/jundiai.sp.gov.br\/noticias\/wp-content\/uploads\/sites\/32\/2013\/11\/politica_publica_mulheres_D5g1-720x538.jpg\" alt=\"Mariza, Maria Liege, M\u00f4nica, Elizabeth e Marcelo durante a solenidade do evento\" width=\"720\" height=\"538\" class=\"size-large wp-image-124031\" srcset=\"https:\/\/jundiai.sp.gov.br\/noticias\/wp-content\/uploads\/sites\/32\/2013\/11\/politica_publica_mulheres_D5g1-720x538.jpg 720w, https:\/\/jundiai.sp.gov.br\/noticias\/wp-content\/uploads\/sites\/32\/2013\/11\/politica_publica_mulheres_D5g1-300x224.jpg 300w, https:\/\/jundiai.sp.gov.br\/noticias\/wp-content\/uploads\/sites\/32\/2013\/11\/politica_publica_mulheres_D5g1.jpg 1240w\" sizes=\"auto, (max-width: 720px) 100vw, 720px\" \/><\/a><p id=\"caption-attachment-124031\" class=\"wp-caption-text\">Mariza, Maria Liege, M\u00f4nica, Elizabeth e Marcelo durante a solenidade do evento<\/p><\/div>\n<p><em><strong>Kadija Rodrigues<br \/>\nFoto: Dorival Pinheiro Filho <\/strong><\/em><\/p>\n","protected":false},"excerpt":{"rendered":"<p>Objetivo do &#8220;A Mulher do s\u00e9culo XXI&#8221; foi refor\u00e7ar a import\u00e2ncia da mulher dentro da sociedade <\/p>\n","protected":false},"author":10,"featured_media":0,"comment_status":"closed","ping_status":"closed","sticky":false,"template":"","format":"standard","meta":{"footnotes":""},"categories":[2],"tags":[356],"ods":[],"class_list":["post-75433","post","type-post","status-publish","format-standard","hentry","category-noticias","tag-coordenadoria-de-politicas-publicas-para-as-mulheres"],"_links":{"self":[{"href":"https:\/\/jundiai.sp.gov.br\/noticias\/wp-json\/wp\/v2\/posts\/75433","targetHints":{"allow":["GET"]}}],"collection":[{"href":"https:\/\/jundiai.sp.gov.br\/noticias\/wp-json\/wp\/v2\/posts"}],"about":[{"href":"https:\/\/jundiai.sp.gov.br\/noticias\/wp-json\/wp\/v2\/types\/post"}],"author":[{"embeddable":true,"href":"https:\/\/jundiai.sp.gov.br\/noticias\/wp-json\/wp\/v2\/users\/10"}],"replies":[{"embeddable":true,"href":"https:\/\/jundiai.sp.gov.br\/noticias\/wp-json\/wp\/v2\/comments?post=75433"}],"version-history":[{"count":2,"href":"https:\/\/jundiai.sp.gov.br\/noticias\/wp-json\/wp\/v2\/posts\/75433\/revisions"}],"predecessor-version":[{"id":124032,"href":"https:\/\/jundiai.sp.gov.br\/noticias\/wp-json\/wp\/v2\/posts\/75433\/revisions\/124032"}],"wp:attachment":[{"href":"https:\/\/jundiai.sp.gov.br\/noticias\/wp-json\/wp\/v2\/media?parent=75433"}],"wp:term":[{"taxonomy":"category","embeddable":true,"href":"https:\/\/jundiai.sp.gov.br\/noticias\/wp-json\/wp\/v2\/categories?post=75433"},{"taxonomy":"post_tag","embeddable":true,"href":"https:\/\/jundiai.sp.gov.br\/noticias\/wp-json\/wp\/v2\/tags?post=75433"},{"taxonomy":"ods","embeddable":true,"href":"https:\/\/jundiai.sp.gov.br\/noticias\/wp-json\/wp\/v2\/ods?post=75433"}],"curies":[{"name":"wp","href":"https:\/\/api.w.org\/{rel}","templated":true}]}}