{"id":75442,"date":"2013-11-23T17:21:40","date_gmt":"2013-11-23T19:21:40","guid":{"rendered":"https:\/\/jundiai.sp.gov.br\/noticias\/?p=75442"},"modified":"2016-11-04T11:22:29","modified_gmt":"2016-11-04T13:22:29","slug":"5a-cavalgada-do-circuito-das-frutas-une-jundiai-e-regiao","status":"publish","type":"post","link":"https:\/\/jundiai.sp.gov.br\/noticias\/2013\/11\/23\/5a-cavalgada-do-circuito-das-frutas-une-jundiai-e-regiao\/","title":{"rendered":"5\u00aa Cavalgada do Circuito das Frutas une Jundia\u00ed e regi\u00e3o"},"content":{"rendered":"<p><strong>Com o objetivo de integrar os munic\u00edpios que formam o polo do Circuito das Frutas, na manh\u00e3 deste s\u00e1bado (23), cavaleiros realizaram a quinta edi\u00e7\u00e3o da tradicional Cavalgada do Circuito das Frutas. O encontro aconteceu no Bar do Mingo, no bairro Roseira, em Jundia\u00ed. <\/strong><\/p>\n<p><a href=\"http:\/\/www.flickr.com\/photos\/prefeituradejundiai\/sets\/72157638047207704\/\" target=\"_blank\"><strong>CONFIRA AS FOTOS \u2714<\/strong><\/a><\/p>\n<div id=\"attachment_124022\" style=\"width: 730px\" class=\"wp-caption aligncenter\"><a href=\"https:\/\/jundiai.sp.gov.br\/noticias\/wp-content\/uploads\/sites\/32\/2013\/11\/Cavalgada_Circuito_Frutas_c_1_G.jpg\"><img loading=\"lazy\" decoding=\"async\" aria-describedby=\"caption-attachment-124022\" src=\"https:\/\/jundiai.sp.gov.br\/noticias\/wp-content\/uploads\/sites\/32\/2013\/11\/Cavalgada_Circuito_Frutas_c_1_G-720x532.jpg\" alt=\"Cavaleiros rumo \u00e0 cavalgada do Circuito das Frutas\" width=\"720\" height=\"532\" class=\"size-large wp-image-124022\" srcset=\"https:\/\/jundiai.sp.gov.br\/noticias\/wp-content\/uploads\/sites\/32\/2013\/11\/Cavalgada_Circuito_Frutas_c_1_G-720x532.jpg 720w, https:\/\/jundiai.sp.gov.br\/noticias\/wp-content\/uploads\/sites\/32\/2013\/11\/Cavalgada_Circuito_Frutas_c_1_G-300x221.jpg 300w, https:\/\/jundiai.sp.gov.br\/noticias\/wp-content\/uploads\/sites\/32\/2013\/11\/Cavalgada_Circuito_Frutas_c_1_G.jpg 1240w\" sizes=\"auto, (max-width: 720px) 100vw, 720px\" \/><\/a><p id=\"caption-attachment-124022\" class=\"wp-caption-text\">Cavaleiros rumo \u00e0 cavalgada do Circuito das Frutas<\/p><\/div>\n<p>Um caf\u00e9 da manh\u00e3 preparado pela organiza\u00e7\u00e3o foi servido a todos. <strong>O prefeito Pedro Bigardi tamb\u00e9m participou do evento, acompanhado do secret\u00e1rio de Agricultura, Abastecimento e Turismo, Marcos Brunholi.<\/strong><\/p>\n<p><div id=\"attachment_124024\" style=\"width: 410px\" class=\"wp-caption alignright\"><a href=\"https:\/\/jundiai.sp.gov.br\/noticias\/wp-content\/uploads\/sites\/32\/2013\/11\/Cavalgada_Circuito_Frutas_c_0_G.jpg\"><img loading=\"lazy\" decoding=\"async\" aria-describedby=\"caption-attachment-124024\" src=\"https:\/\/jundiai.sp.gov.br\/noticias\/wp-content\/uploads\/sites\/32\/2013\/11\/Cavalgada_Circuito_Frutas_c_0_G-720x541.jpg\" alt=\"Prefeito Pedro Bigardi: \u201c\u00c9 motivo de muita alegria!\u201d\" width=\"400\" height=\"350\" class=\"size-large wp-image-124024\" \/><\/a><p id=\"caption-attachment-124024\" class=\"wp-caption-text\">Prefeito Pedro Bigardi: \u201c\u00c9 motivo de muita alegria!\u201d<\/p><\/div>\u201c\u00c9 motivo de muita alegria essa cavalgada. O Estado de S\u00e3o Paulo \u00e9 o mais rico em termos de op\u00e7\u00f5es tur\u00edsticas do Brasil e o Circuito tem um papel importante na nossa regi\u00e3o\u201d, destacou o prefeito.<\/p>\n<p>Para Marcos Brunholi, toda a regi\u00e3o ganha com uma atra\u00e7\u00e3o desta. \u201cA import\u00e2ncia da cavalgada \u00e9 a uni\u00e3o dos munic\u00edpios para valorizar n\u00e3o s\u00f3 o turismo rural, mas a agricultura da nossa regi\u00e3o\u201d, comenta o secret\u00e1rio de Agricultura.<\/p>\n<p>\u00c9 a segunda vez que a cavalgada sai de Jundia\u00ed. Cavaleiros da cidade e regi\u00e3o partiram do rancho por volta das 10h. O secret\u00e1rio Marcos Brunholi acompanhou os participantes no trajeto, que percorreu ainda as cidades de Itatiba, Jarinu e Atibaia.<\/p>\n<p>Estiveram presentes tamb\u00e9m o secret\u00e1rio de Sa\u00fade, Cl\u00e1udio Miranda, o presidente da C\u00e2mara de Jundia\u00ed, Gerson Sartori, o diretor presidente da DAE, Jamil Yatim, o prefeito de Jarinu, Vicente Zacan, o secret\u00e1rio de Agricultura e Turismo de Itupeva, Wilson Maruzo, o secret\u00e1rio de Planejamento de Itatiba Erik Carbonari (representando o prefeito e presidente do Circuito do Polo Tur\u00edstico das Frutas, Jo\u00e3o Fattori), e o presidente da C\u00e2mara de Louveira, Estanislau Steck.<\/p>\n<p>A cavalgada contou com o apoio das secretarias de Agricultura, Abastecimento e Turismo Rural, de Sa\u00fade (que disponibilizou uma ambul\u00e2ncia para o trajeto) e Transportes, al\u00e9m da Guarda Municipal.<\/p>\n<p><em><strong>Por Assessoria de Imprensa<strong><\/strong><\/strong><\/em><\/p>\n","protected":false},"excerpt":{"rendered":"<p>Com o objetivo de integrar os munic\u00edpios que formam o polo do Circuito das Frutas, na manh\u00e3 deste s\u00e1bado (23), cavaleiros realizaram a quinta edi\u00e7\u00e3o da tradicional Cavalgada do Circuito das Frutas. O encontro aconteceu no Bar do Mingo, no bairro Roseira, em Jundia\u00ed. CONFIRA AS FOTOS \u2714 Um caf\u00e9 da manh\u00e3 preparado pela organiza\u00e7\u00e3o [&hellip;]<\/p>\n","protected":false},"author":11,"featured_media":0,"comment_status":"closed","ping_status":"closed","sticky":false,"template":"","format":"standard","meta":{"footnotes":""},"categories":[2],"tags":[41],"ods":[],"class_list":["post-75442","post","type-post","status-publish","format-standard","hentry","category-noticias","tag-agricultura-abastecimento-e-turismo"],"_links":{"self":[{"href":"https:\/\/jundiai.sp.gov.br\/noticias\/wp-json\/wp\/v2\/posts\/75442","targetHints":{"allow":["GET"]}}],"collection":[{"href":"https:\/\/jundiai.sp.gov.br\/noticias\/wp-json\/wp\/v2\/posts"}],"about":[{"href":"https:\/\/jundiai.sp.gov.br\/noticias\/wp-json\/wp\/v2\/types\/post"}],"author":[{"embeddable":true,"href":"https:\/\/jundiai.sp.gov.br\/noticias\/wp-json\/wp\/v2\/users\/11"}],"replies":[{"embeddable":true,"href":"https:\/\/jundiai.sp.gov.br\/noticias\/wp-json\/wp\/v2\/comments?post=75442"}],"version-history":[{"count":2,"href":"https:\/\/jundiai.sp.gov.br\/noticias\/wp-json\/wp\/v2\/posts\/75442\/revisions"}],"predecessor-version":[{"id":124023,"href":"https:\/\/jundiai.sp.gov.br\/noticias\/wp-json\/wp\/v2\/posts\/75442\/revisions\/124023"}],"wp:attachment":[{"href":"https:\/\/jundiai.sp.gov.br\/noticias\/wp-json\/wp\/v2\/media?parent=75442"}],"wp:term":[{"taxonomy":"category","embeddable":true,"href":"https:\/\/jundiai.sp.gov.br\/noticias\/wp-json\/wp\/v2\/categories?post=75442"},{"taxonomy":"post_tag","embeddable":true,"href":"https:\/\/jundiai.sp.gov.br\/noticias\/wp-json\/wp\/v2\/tags?post=75442"},{"taxonomy":"ods","embeddable":true,"href":"https:\/\/jundiai.sp.gov.br\/noticias\/wp-json\/wp\/v2\/ods?post=75442"}],"curies":[{"name":"wp","href":"https:\/\/api.w.org\/{rel}","templated":true}]}}