{"id":75444,"date":"2013-11-23T17:29:06","date_gmt":"2013-11-23T19:29:06","guid":{"rendered":"https:\/\/jundiai.sp.gov.br\/noticias\/?p=75444"},"modified":"2016-11-04T11:22:28","modified_gmt":"2016-11-04T13:22:28","slug":"dia-d-combate-a-dengue-diverte-e-informa-a-populacao","status":"publish","type":"post","link":"https:\/\/jundiai.sp.gov.br\/noticias\/2013\/11\/23\/dia-d-combate-a-dengue-diverte-e-informa-a-populacao\/","title":{"rendered":"\u2018Dia D\u2019 combate a dengue, diverte e informa a popula\u00e7\u00e3o"},"content":{"rendered":"<p><strong>Neste s\u00e1bado (23), quem passou pela pra\u00e7a Governador Pedro de Toledo, no Centro, p\u00f4de participar de diversas brincadeiras e at\u00e9 de uma sess\u00e3o de cinema do evento \u2018Dia D\u2019 contra a dengue, organizado pelo Centro de Vigil\u00e2ncia e Controle de Zoonoses, da Secretaria de Sa\u00fade de Jundia\u00ed.<\/strong><\/p>\n<p><strong>MAIS<br \/>\n<a href=\"https:\/\/jundiai.sp.gov.br\/noticias\/2013\/11\/5a-cavalgada-do-circuito-das-frutas-une-jundiai-e-regiao\/\" target=\"_blank\"><strong>5\u00aa Cavalgada do Circuito das Frutas une Jundia\u00ed e regi\u00e3o<\/strong><\/a><br \/>\n<a href=\"https:\/\/jundiai.sp.gov.br\/noticias\/2013\/11\/testes-rapidos-de-aids-comecam-nesta-segunda-25\/\" target=\"_blank\">Testes r\u00e1pidos de Aids come\u00e7am nesta segunda (25)<\/strong><\/a><br \/>\n<a href=\"https:\/\/jundiai.sp.gov.br\/noticias\/2013\/11\/prefeitura-zera-a-fila-de-exames-laboratoriais\/\" target=\"_blank\"><strong>Prefeitura zera a fila de exames laboratoriais<\/strong><\/a><\/p>\n<p>\u201cA informa\u00e7\u00e3o \u00e9 fundamental para as pessoas tomarem cuidado. A\u00e7\u00f5es como essa, que levam informa\u00e7\u00e3o de forma divertida para adultos e crian\u00e7as, ajudam a prevenir a prolifera\u00e7\u00e3o do mosquito\u201d, comenta Cl\u00e1udio Miranda, secret\u00e1rio de Sa\u00fade.<\/p>\n<div id=\"attachment_124018\" style=\"width: 730px\" class=\"wp-caption aligncenter\"><a href=\"https:\/\/jundiai.sp.gov.br\/noticias\/wp-content\/uploads\/sites\/32\/2013\/11\/Dia_D_Dengue_c_2_G1.jpg\"><img loading=\"lazy\" decoding=\"async\" aria-describedby=\"caption-attachment-124018\" src=\"https:\/\/jundiai.sp.gov.br\/noticias\/wp-content\/uploads\/sites\/32\/2013\/11\/Dia_D_Dengue_c_2_G1-720x528.jpg\" alt=\"Adultos e crian\u00e7as recebem orienta\u00e7\u00f5es: preven\u00e7\u00e3o\" width=\"720\" height=\"528\" class=\"size-large wp-image-124018\" srcset=\"https:\/\/jundiai.sp.gov.br\/noticias\/wp-content\/uploads\/sites\/32\/2013\/11\/Dia_D_Dengue_c_2_G1-720x528.jpg 720w, https:\/\/jundiai.sp.gov.br\/noticias\/wp-content\/uploads\/sites\/32\/2013\/11\/Dia_D_Dengue_c_2_G1-300x220.jpg 300w, https:\/\/jundiai.sp.gov.br\/noticias\/wp-content\/uploads\/sites\/32\/2013\/11\/Dia_D_Dengue_c_2_G1.jpg 1240w\" sizes=\"auto, (max-width: 720px) 100vw, 720px\" \/><\/a><p id=\"caption-attachment-124018\" class=\"wp-caption-text\">Adultos e crian\u00e7as recebem orienta\u00e7\u00f5es: preven\u00e7\u00e3o<\/p><\/div>\n<p>Al\u00e9m dos estandes das atividades recreativas, para interagir com quem passava pelo evento e promover a preven\u00e7\u00e3o contra a dengue, <strong>o \u2018Dia D\u2019 contou com a presen\u00e7a de uma emissora virtual de r\u00e1dio com o slogan \u2018R\u00e1dio Dengue: Sua Sa\u00fade Est\u00e1 no Ar\u2019<\/strong>. <\/p>\n<p>Todos que participaram do evento receberam um cupom para o sorteio de um patinete e uma bicicleta. Os sorteados foram Maristela Barbosa do Nascimento (patinete) e Guilherme Henrique (bicicleta).<\/p>\n<p>\u201cA promo\u00e7\u00e3o desse evento foi para dar in\u00edcio \u00e0 campanha do pr\u00f3ximo ver\u00e3o, que \u00e9 a \u00e9poca em que as chuvas facilitam a prolifera\u00e7\u00e3o dos mosquitos\u201d, explica o gerente do Centro de Vigil\u00e2ncia e Controle de Zoonoses, Carlos Ozahata. \u201cA nossa inten\u00e7\u00e3o \u00e9 trabalhar efetivamente com a preven\u00e7\u00e3o\u201d, complementa.<\/p>\n<p><strong>Preven\u00e7\u00e3o<br \/>\n<\/strong>O evento contou tamb\u00e9m com a participa\u00e7\u00e3o de agentes comunit\u00e1rios, que s\u00e3o pessoas fundamentais no combate \u00e0 dengue. \u201cN\u00f3s fazemos as visitas domiciliares para passar orienta\u00e7\u00f5es de como eliminar poss\u00edveis criadouros do mosquito\u201d, explica a agente comunit\u00e1ria Vanderl\u00e9ia Silva Sete.<\/p>\n<p><div id=\"attachment_124020\" style=\"width: 410px\" class=\"wp-caption alignright\"><a href=\"https:\/\/jundiai.sp.gov.br\/noticias\/wp-content\/uploads\/sites\/32\/2013\/11\/Dia_D_Dengue_c_0_G.jpg\"><img loading=\"lazy\" decoding=\"async\" aria-describedby=\"caption-attachment-124020\" src=\"https:\/\/jundiai.sp.gov.br\/noticias\/wp-content\/uploads\/sites\/32\/2013\/11\/Dia_D_Dengue_c_0_G-720x546.jpg\" alt=\"Crian\u00e7as aprendem brincando como evitar a doen\u00e7a\" width=\"400\" height=\"370\" class=\"size-large wp-image-124020\" \/><\/a><p id=\"caption-attachment-124020\" class=\"wp-caption-text\">Crian\u00e7as aprendem brincando como evitar a doen\u00e7a<\/p><\/div>Vale lembrar que o combate n\u00e3o pode parar: <strong>previna a dengue guardando garrafas sempre de cabe\u00e7a para baixo, mantenha todos os recipientes com \u00e1gua adequadamente fechados, descarte os pneus velhos ou guarde-os em local coberto e abrigados da chuva, armazene o lixo em sacos pl\u00e1sticas, mantenha a lixeira tampada e retire os pratos dos vasos das plantas. <\/strong><\/p>\n<p>A\u00e7\u00f5es como essa evitam que os mosquitos nas\u00e7am em sua casa. Dengue: aqui n\u00e3o!<\/p>\n<p><strong>Por Assessoria de Imprensa<\/strong><\/p>\n","protected":false},"excerpt":{"rendered":"<p>Iniciativa chamou a aten\u00e7\u00e3o de quem passava pelo Centro da cidade neste s\u00e1bado (23); saiba como foi<\/p>\n","protected":false},"author":11,"featured_media":0,"comment_status":"closed","ping_status":"closed","sticky":false,"template":"","format":"standard","meta":{"footnotes":""},"categories":[2],"tags":[3],"ods":[],"class_list":["post-75444","post","type-post","status-publish","format-standard","hentry","category-noticias","tag-saude"],"_links":{"self":[{"href":"https:\/\/jundiai.sp.gov.br\/noticias\/wp-json\/wp\/v2\/posts\/75444","targetHints":{"allow":["GET"]}}],"collection":[{"href":"https:\/\/jundiai.sp.gov.br\/noticias\/wp-json\/wp\/v2\/posts"}],"about":[{"href":"https:\/\/jundiai.sp.gov.br\/noticias\/wp-json\/wp\/v2\/types\/post"}],"author":[{"embeddable":true,"href":"https:\/\/jundiai.sp.gov.br\/noticias\/wp-json\/wp\/v2\/users\/11"}],"replies":[{"embeddable":true,"href":"https:\/\/jundiai.sp.gov.br\/noticias\/wp-json\/wp\/v2\/comments?post=75444"}],"version-history":[{"count":2,"href":"https:\/\/jundiai.sp.gov.br\/noticias\/wp-json\/wp\/v2\/posts\/75444\/revisions"}],"predecessor-version":[{"id":124021,"href":"https:\/\/jundiai.sp.gov.br\/noticias\/wp-json\/wp\/v2\/posts\/75444\/revisions\/124021"}],"wp:attachment":[{"href":"https:\/\/jundiai.sp.gov.br\/noticias\/wp-json\/wp\/v2\/media?parent=75444"}],"wp:term":[{"taxonomy":"category","embeddable":true,"href":"https:\/\/jundiai.sp.gov.br\/noticias\/wp-json\/wp\/v2\/categories?post=75444"},{"taxonomy":"post_tag","embeddable":true,"href":"https:\/\/jundiai.sp.gov.br\/noticias\/wp-json\/wp\/v2\/tags?post=75444"},{"taxonomy":"ods","embeddable":true,"href":"https:\/\/jundiai.sp.gov.br\/noticias\/wp-json\/wp\/v2\/ods?post=75444"}],"curies":[{"name":"wp","href":"https:\/\/api.w.org\/{rel}","templated":true}]}}