{"id":76038,"date":"2013-11-29T16:57:46","date_gmt":"2013-11-29T18:57:46","guid":{"rendered":"https:\/\/jundiai.sp.gov.br\/noticias\/?p=76038"},"modified":"2016-11-04T11:21:58","modified_gmt":"2016-11-04T13:21:58","slug":"prefeitura-inaugura-pista-de-caminhada-no-cidade-nova-i","status":"publish","type":"post","link":"https:\/\/jundiai.sp.gov.br\/noticias\/2013\/11\/29\/prefeitura-inaugura-pista-de-caminhada-no-cidade-nova-i\/","title":{"rendered":"Prefeitura inaugura pista de caminhada no Cidade Nova I"},"content":{"rendered":"<p><strong>No pr\u00f3ximo s\u00e1bado (30), \u00e0s 9 horas, a Prefeitura de Jundia\u00ed, por meio da Secretaria de Servi\u00e7os P\u00fablicos, inaugura a pista de caminhada do bairro Cidade Nova I, na avenida Luiz Caetano da Silva, pr\u00f3xima a Igreja Nossa Senhora do Perp\u00e9tuo do Socorro.<\/strong><br \/>\n<strong><br \/>\nMAIS<br \/>\n<a href=\"https:\/\/jundiai.sp.gov.br\/noticias\/2013\/11\/inclusao-social-coordenadorias-visitam-entidades-de-jundiai\/\" target=\"_blank\">Inclus\u00e3o social: Coordenadorias visitam entidades de Jundia\u00ed<\/a><\/strong><\/p>\n<p>A pista, com 800 metros de extens\u00e3o, foi constru\u00edda com material reciclado e conta com uma passarela de madeira. \u201cDemos muita import\u00e2ncia \u00e0 esta obra, pois era uma \u00e1rea do bairro que ocorreu uma solicita\u00e7\u00e3o para criamos um espa\u00e7o para a pr\u00e1tica de esporte\u201d, explica o secret\u00e1rio de Servi\u00e7os P\u00fablicos, Aguinaldo Leite.<\/p>\n<p>O paisagismo do novo espa\u00e7o tamb\u00e9m foi modificado, por meio do plantio de aproximadamente 1,5 mil mudas de \u00e1rvores nativas, dentre elas esp\u00e9cies arb\u00f3reas, forra\u00e7\u00f5es e arbustivas. No evento, mais 50 mudas ser\u00e3o plantadas.<\/p>\n<p><strong>Caravana da Alegria<\/strong><br \/>\nA inaugura\u00e7\u00e3o conta com a parceria da Secretaria de Esportes, que vai levar a Caravana da Alegria. A popula\u00e7\u00e3o poder\u00e1 participar de brincadeiras e atividades para toda fam\u00edlia, como pula-pula, cotonete, piscina de bolinha, tobog\u00e3, perna de pau, boca de palha\u00e7o, pebolim, t\u00eanis de mesa e tabuleiros.<\/p>\n<p>\u201cNosso objetivo \u00e9 de, al\u00e9m de levar divers\u00e3o aos bairros, promover a integra\u00e7\u00e3o de todos na comunidade. Estou feliz em levar o nosso projeto no dia que a comunidade ganhar\u00e1 uma pista de caminhada\u201d, afirmou o secret\u00e1rio de Esportes, Cristiano Lopes.<\/p>\n<p><em><strong>Por Assessoria de Imprensa<\/strong><\/em><\/p>\n","protected":false},"excerpt":{"rendered":"<p>A pista, com 800 metros de extens\u00e3o, foi constru\u00edda com material reciclado e conta com uma passarela de madeira<\/p>\n","protected":false},"author":11,"featured_media":0,"comment_status":"closed","ping_status":"closed","sticky":false,"template":"","format":"standard","meta":{"footnotes":""},"categories":[2],"tags":[],"ods":[],"class_list":["post-76038","post","type-post","status-publish","format-standard","hentry","category-noticias"],"_links":{"self":[{"href":"https:\/\/jundiai.sp.gov.br\/noticias\/wp-json\/wp\/v2\/posts\/76038","targetHints":{"allow":["GET"]}}],"collection":[{"href":"https:\/\/jundiai.sp.gov.br\/noticias\/wp-json\/wp\/v2\/posts"}],"about":[{"href":"https:\/\/jundiai.sp.gov.br\/noticias\/wp-json\/wp\/v2\/types\/post"}],"author":[{"embeddable":true,"href":"https:\/\/jundiai.sp.gov.br\/noticias\/wp-json\/wp\/v2\/users\/11"}],"replies":[{"embeddable":true,"href":"https:\/\/jundiai.sp.gov.br\/noticias\/wp-json\/wp\/v2\/comments?post=76038"}],"version-history":[{"count":1,"href":"https:\/\/jundiai.sp.gov.br\/noticias\/wp-json\/wp\/v2\/posts\/76038\/revisions"}],"predecessor-version":[{"id":181902,"href":"https:\/\/jundiai.sp.gov.br\/noticias\/wp-json\/wp\/v2\/posts\/76038\/revisions\/181902"}],"wp:attachment":[{"href":"https:\/\/jundiai.sp.gov.br\/noticias\/wp-json\/wp\/v2\/media?parent=76038"}],"wp:term":[{"taxonomy":"category","embeddable":true,"href":"https:\/\/jundiai.sp.gov.br\/noticias\/wp-json\/wp\/v2\/categories?post=76038"},{"taxonomy":"post_tag","embeddable":true,"href":"https:\/\/jundiai.sp.gov.br\/noticias\/wp-json\/wp\/v2\/tags?post=76038"},{"taxonomy":"ods","embeddable":true,"href":"https:\/\/jundiai.sp.gov.br\/noticias\/wp-json\/wp\/v2\/ods?post=76038"}],"curies":[{"name":"wp","href":"https:\/\/api.w.org\/{rel}","templated":true}]}}