{"id":76685,"date":"2013-12-06T18:41:52","date_gmt":"2013-12-06T20:41:52","guid":{"rendered":"https:\/\/jundiai.sp.gov.br\/noticias\/?p=76685"},"modified":"2016-11-04T10:55:38","modified_gmt":"2016-11-04T12:55:38","slug":"conferencia-da-juventude-sera-no-complexo-fepasa","status":"publish","type":"post","link":"https:\/\/jundiai.sp.gov.br\/noticias\/2013\/12\/06\/conferencia-da-juventude-sera-no-complexo-fepasa\/","title":{"rendered":"Confer\u00eancia da Juventude ser\u00e1 no Complexo Fepasa"},"content":{"rendered":"<p><strong>Uma participa\u00e7\u00e3o mais ativa dos jovens nas pol\u00edticas p\u00fablicas \u00e9 o principal tema da Confer\u00eancia Municipal da Juventude que ser\u00e1 neste s\u00e1bado (7), no Complexo Fepasa\/Fatec, das 9h \u00e0s 18h. A data tamb\u00e9m marca a forma\u00e7\u00e3o do Conselho da Juventude com a elei\u00e7\u00e3o dos integrantes.<\/strong> <\/p>\n<p><div id=\"attachment_126181\" style=\"width: 410px\" class=\"wp-caption alignleft\"><a href=\"https:\/\/jundiai.sp.gov.br\/noticias\/wp-content\/uploads\/sites\/32\/2013\/12\/juventude_2013_D13g2.jpg\"><img loading=\"lazy\" decoding=\"async\" aria-describedby=\"caption-attachment-126181\" src=\"https:\/\/jundiai.sp.gov.br\/noticias\/wp-content\/uploads\/sites\/32\/2013\/12\/juventude_2013_D13g2-720x482.jpg\" alt=\"Confer\u00eancia foi divulgada em bairros da periferia de Jundia\u00ed\" width=\"400\" height=\"350\" class=\"size-large wp-image-126181\" \/><\/a><p id=\"caption-attachment-126181\" class=\"wp-caption-text\">Confer\u00eancia foi divulgada em bairros da periferia de Jundia\u00ed<\/p><\/div><strong>O evento realizado pela Coordenadoria da Juventude ter\u00e1 discuss\u00f5es do tema que ser\u00e3o feitas por meio de rodas de conversas e debates. A programa\u00e7\u00e3o prev\u00ea ainda interven\u00e7\u00f5es culturais como grafite ao ar livre.<\/strong><\/p>\n<p>Os participantes tamb\u00e9m ser\u00e3o contemplados com a cartilha que traz o Estatuto da Juventude, promulgado no dia 5 de agosto deste ano. \u201cAs pessoas se enganam ao achar que trata de um aprimoramento ao Estatuto da Crian\u00e7a e do Adolescente. Al\u00e9m dos direitos b\u00e1sicos como sa\u00fade, educa\u00e7\u00e3o e trabalho, j\u00e1 assegurados, tamb\u00e9m garante direitos geracionais\u201d, diz a coordenadora Narrimam Camargo.<\/p>\n<p><strong>O conselho ser\u00e1 composto por 24 nomes, sendo 10 indica\u00e7\u00f5es do poder p\u00fablico e 14 eleitos da sociedade civil.<\/strong><\/p>\n<p><strong>Confirma a programa\u00e7\u00e3o completa da Confer\u00eancia Municipal:<\/strong><\/p>\n<p><em>9h \u2013 Credenciamento\/Coffee Break<br \/>\n9h30 \u2013 Mesa de Abertura<br \/>\n11h \u2013 Roda de Conversa (Exposi\u00e7\u00e3o dialogada) \u2013 Juventude e Empregabilidade<br \/>\n12h \u2013 Interven\u00e7\u00f5es (debates)<br \/>\n12h30 \u2013 Coffee Break \/ Interven\u00e7\u00f5es Culturais \/ Grafite ao ar livre<br \/>\n14h \u2013 Roda de Conversa (exposi\u00e7\u00e3o dialogada) \u2013 O protagonismo do jovem nos espa\u00e7os de decis\u00e3o \/ Conselho da Juventude<br \/>\n15h \u2013 Interven\u00e7\u00f5es (debates)<br \/>\n16h \u2013 Plen\u00e1ria final<br \/>\n17h30 \u2013 Encerramento<\/em><\/p>\n<p><em><strong>Assessoria de Imprensa<br \/>\nFoto: Dorival Pinheiro Filho <\/strong><\/em><\/p>\n","protected":false},"excerpt":{"rendered":"<p>Objetivo \u00e9 provocar uma participa\u00e7\u00e3o mais ativa dos jovens nas pol\u00edticas p\u00fablicas da cidade <\/p>\n","protected":false},"author":10,"featured_media":76686,"comment_status":"closed","ping_status":"closed","sticky":false,"template":"","format":"standard","meta":{"footnotes":""},"categories":[2],"tags":[174],"ods":[],"class_list":["post-76685","post","type-post","status-publish","format-standard","has-post-thumbnail","hentry","category-noticias","tag-coordenadoria-da-juventude"],"_links":{"self":[{"href":"https:\/\/jundiai.sp.gov.br\/noticias\/wp-json\/wp\/v2\/posts\/76685","targetHints":{"allow":["GET"]}}],"collection":[{"href":"https:\/\/jundiai.sp.gov.br\/noticias\/wp-json\/wp\/v2\/posts"}],"about":[{"href":"https:\/\/jundiai.sp.gov.br\/noticias\/wp-json\/wp\/v2\/types\/post"}],"author":[{"embeddable":true,"href":"https:\/\/jundiai.sp.gov.br\/noticias\/wp-json\/wp\/v2\/users\/10"}],"replies":[{"embeddable":true,"href":"https:\/\/jundiai.sp.gov.br\/noticias\/wp-json\/wp\/v2\/comments?post=76685"}],"version-history":[{"count":2,"href":"https:\/\/jundiai.sp.gov.br\/noticias\/wp-json\/wp\/v2\/posts\/76685\/revisions"}],"predecessor-version":[{"id":126183,"href":"https:\/\/jundiai.sp.gov.br\/noticias\/wp-json\/wp\/v2\/posts\/76685\/revisions\/126183"}],"wp:featuredmedia":[{"embeddable":true,"href":"https:\/\/jundiai.sp.gov.br\/noticias\/wp-json\/"}],"wp:attachment":[{"href":"https:\/\/jundiai.sp.gov.br\/noticias\/wp-json\/wp\/v2\/media?parent=76685"}],"wp:term":[{"taxonomy":"category","embeddable":true,"href":"https:\/\/jundiai.sp.gov.br\/noticias\/wp-json\/wp\/v2\/categories?post=76685"},{"taxonomy":"post_tag","embeddable":true,"href":"https:\/\/jundiai.sp.gov.br\/noticias\/wp-json\/wp\/v2\/tags?post=76685"},{"taxonomy":"ods","embeddable":true,"href":"https:\/\/jundiai.sp.gov.br\/noticias\/wp-json\/wp\/v2\/ods?post=76685"}],"curies":[{"name":"wp","href":"https:\/\/api.w.org\/{rel}","templated":true}]}}