{"id":77475,"date":"2013-12-16T18:23:44","date_gmt":"2013-12-16T20:23:44","guid":{"rendered":"https:\/\/jundiai.sp.gov.br\/noticias\/?p=77475"},"modified":"2016-11-04T11:18:52","modified_gmt":"2016-11-04T13:18:52","slug":"confira-as-atracoes-do-evento","status":"publish","type":"post","link":"https:\/\/jundiai.sp.gov.br\/noticias\/2013\/12\/16\/confira-as-atracoes-do-evento\/","title":{"rendered":"Confira as atra\u00e7\u00f5es do evento"},"content":{"rendered":"<p><em>09h \u2013 Debate: Revitaliza\u00e7\u00e3o Cultural do Centro (Solar)<br \/>\n10h45 \u2013 Premia\u00e7\u00e3o do Rally Fotogr\u00e1fico do dia 14\/12<br \/>\n11h &#8211; Abertura dos Varais de Poesias<br \/>\n11h \u2013 Interven\u00e7\u00f5es Art\u00edsticas*<\/em><\/p>\n<p>(* termo que abrange Trupe Fans, Maracatu Jundia\u00ed, Nelson Jamaica, Perform\u00e1tico \u00c9os, Grupo Mix\u00f3rdia, N\u00facleo H\u00edbrido, Indac Escola de Atores, Cia. T\u00e3o Distante, Inimigos do Art\u00f4, Panfletagem Po\u00e9tica, gaitista de foles Ricardo Colombera, artista pl\u00e1stico Erik Thurm, em performances intercladas ou paralelas aos shows musicais).<\/p>\n<p><em>11h15 \u2013 Telma Costa MPB<br \/>\n11h45 \u2013 Interven\u00e7\u00f5es Art\u00edsticas*<br \/>\n11h55 \u2013 Tom Nando MPB<br \/>\n12h35 \u2013 Interven\u00e7\u00f5es Art\u00edsticas*<br \/>\n12h45 \u2013 Alexandre R\u00ea hip hop<br \/>\n13h15 \u2013 Interven\u00e7\u00f5es Art\u00edsticas*<br \/>\n13h25 \u2013 UTI rock<br \/>\n14h10 \u2013 Trupe Pling circo<br \/>\n14h25 \u2013 (A confirmar)<br \/>\n15h00 \u2013 Interven\u00e7\u00f5es Art\u00edsticas*<br \/>\n15h10 \u2013 Forma\u00e7\u00e3o Itapu\u00ed MPB<br \/>\n15h25 \u2013 Interven\u00e7\u00f5es Art\u00edsticas*<br \/>\n15h35 \u2013 Banda Fistt rock<br \/>\n16h05 \u2013 Interven\u00e7\u00f5es Art\u00edsticas*<br \/>\n16h10 \u2013 Banda Apsys metal<br \/>\n16h20 \u2013 Interven\u00e7\u00f5es Art\u00edsticas*<br \/>\n16h30 \u2013 DJ Kadinho black music<br \/>\n17h \u2013 Respeit\u00e1vel P\u00fablico teatro<br \/>\n17h30 \u2013 A Kripta rock e pop<br \/>\n18h15 \u2013 Escolas de Samba <\/em><\/p>\n<p>(sujeito a altera\u00e7\u00f5es)<\/p>\n","protected":false},"excerpt":{"rendered":"<p>09h \u2013 Debate: Revitaliza\u00e7\u00e3o Cultural do Centro (Solar) 10h45 \u2013 Premia\u00e7\u00e3o do Rally Fotogr\u00e1fico do dia 14\/12 11h &#8211; Abertura dos Varais de Poesias 11h \u2013 Interven\u00e7\u00f5es Art\u00edsticas* (* termo que abrange Trupe Fans, Maracatu Jundia\u00ed, Nelson Jamaica, Perform\u00e1tico \u00c9os, Grupo Mix\u00f3rdia, N\u00facleo H\u00edbrido, Indac Escola de Atores, Cia. T\u00e3o Distante, Inimigos do Art\u00f4, Panfletagem [&hellip;]<\/p>\n","protected":false},"author":10,"featured_media":0,"comment_status":"closed","ping_status":"closed","sticky":false,"template":"","format":"standard","meta":{"footnotes":""},"categories":[2],"tags":[29],"ods":[],"class_list":["post-77475","post","type-post","status-publish","format-standard","hentry","category-noticias","tag-cultura"],"_links":{"self":[{"href":"https:\/\/jundiai.sp.gov.br\/noticias\/wp-json\/wp\/v2\/posts\/77475","targetHints":{"allow":["GET"]}}],"collection":[{"href":"https:\/\/jundiai.sp.gov.br\/noticias\/wp-json\/wp\/v2\/posts"}],"about":[{"href":"https:\/\/jundiai.sp.gov.br\/noticias\/wp-json\/wp\/v2\/types\/post"}],"author":[{"embeddable":true,"href":"https:\/\/jundiai.sp.gov.br\/noticias\/wp-json\/wp\/v2\/users\/10"}],"replies":[{"embeddable":true,"href":"https:\/\/jundiai.sp.gov.br\/noticias\/wp-json\/wp\/v2\/comments?post=77475"}],"version-history":[{"count":1,"href":"https:\/\/jundiai.sp.gov.br\/noticias\/wp-json\/wp\/v2\/posts\/77475\/revisions"}],"predecessor-version":[{"id":181952,"href":"https:\/\/jundiai.sp.gov.br\/noticias\/wp-json\/wp\/v2\/posts\/77475\/revisions\/181952"}],"wp:attachment":[{"href":"https:\/\/jundiai.sp.gov.br\/noticias\/wp-json\/wp\/v2\/media?parent=77475"}],"wp:term":[{"taxonomy":"category","embeddable":true,"href":"https:\/\/jundiai.sp.gov.br\/noticias\/wp-json\/wp\/v2\/categories?post=77475"},{"taxonomy":"post_tag","embeddable":true,"href":"https:\/\/jundiai.sp.gov.br\/noticias\/wp-json\/wp\/v2\/tags?post=77475"},{"taxonomy":"ods","embeddable":true,"href":"https:\/\/jundiai.sp.gov.br\/noticias\/wp-json\/wp\/v2\/ods?post=77475"}],"curies":[{"name":"wp","href":"https:\/\/api.w.org\/{rel}","templated":true}]}}