{"id":77832,"date":"2013-12-20T16:43:21","date_gmt":"2013-12-20T18:43:21","guid":{"rendered":"https:\/\/jundiai.sp.gov.br\/noticias\/?p=77832"},"modified":"2016-11-04T11:19:07","modified_gmt":"2016-11-04T13:19:07","slug":"fundo-social-forma-34-alunas-em-oficinas","status":"publish","type":"post","link":"https:\/\/jundiai.sp.gov.br\/noticias\/2013\/12\/20\/fundo-social-forma-34-alunas-em-oficinas\/","title":{"rendered":"Fundo Social forma 34 alunas em oficinas"},"content":{"rendered":"<p><strong>A manh\u00e3 desta quinta-feira (19) foi de emo\u00e7\u00e3o para as 34 alunas que conclu\u00edram as oficinas de confec\u00e7\u00e3o de bolsas e reparos em roupas, realizadas no Funss (Fundo Social de Solidariedade). Todas receberam o certificado de conclus\u00e3o das m\u00e3os da presidente do Fundo, Margarete Geraldo Bigardi. <\/strong><\/p>\n<p><strong>MAIS<br \/>\n<a href=\"http:\/\/www.flickr.com\/photos\/prefeituradejundiai\/sets\/72157638826837884\/\" target=\"_blank\"><strong>Veja as fotos da formatura<\/strong><\/a><br \/>\n<a href=\"https:\/\/jundiai.sp.gov.br\/noticias\/2013\/12\/natal-solidario-entidades-recebem-brinquedos-do-funss\/\" target=\"_blank\">Natal Solid\u00e1rio: entidades recebem brinquedos<\/a><\/strong><\/p>\n<div id=\"attachment_122971\" style=\"width: 730px\" class=\"wp-caption aligncenter\"><a href=\"https:\/\/jundiai.sp.gov.br\/noticias\/wp-content\/uploads\/sites\/32\/2013\/12\/formatura_curso_bolsas_p_104G.jpg\"><img loading=\"lazy\" decoding=\"async\" aria-describedby=\"caption-attachment-122971\" src=\"https:\/\/jundiai.sp.gov.br\/noticias\/wp-content\/uploads\/sites\/32\/2013\/12\/formatura_curso_bolsas_p_104G-720x425.jpg\" alt=\"Alunas conclu\u00edram a capacita\u00e7\u00e3o para confec\u00e7\u00e3o de bolsas e reparos em roupas\" width=\"720\" height=\"425\" class=\"size-large wp-image-122971\" srcset=\"https:\/\/jundiai.sp.gov.br\/noticias\/wp-content\/uploads\/sites\/32\/2013\/12\/formatura_curso_bolsas_p_104G-720x425.jpg 720w, https:\/\/jundiai.sp.gov.br\/noticias\/wp-content\/uploads\/sites\/32\/2013\/12\/formatura_curso_bolsas_p_104G-300x177.jpg 300w, https:\/\/jundiai.sp.gov.br\/noticias\/wp-content\/uploads\/sites\/32\/2013\/12\/formatura_curso_bolsas_p_104G.jpg 1240w\" sizes=\"auto, (max-width: 720px) 100vw, 720px\" \/><\/a><p id=\"caption-attachment-122971\" class=\"wp-caption-text\">Alunas conclu\u00edram a capacita\u00e7\u00e3o para confec\u00e7\u00e3o de bolsas e reparos em roupas<\/p><\/div>\n<p>\u201cEsse curso foi uma das melhores coisas que poderiam ter me acontecido. Eu n\u00e3o tenho condi\u00e7\u00f5es de pagar e aqui tive a oportunidade de aprender de gra\u00e7a. Meu desejo agora \u00e9 ganhar uma renda extra com a venda de bolsas\u201d, comentou emocionada a aposentada Maria Jos\u00e9 de Souza, de 76 anos. Assim como ela, a manicure Solange Rodrigues do Nascimento, de 32 anos, tamb\u00e9m celebrou a conquista. \u201cAdorei o curso e pretendo aprender ainda mais.\u201d<\/p>\n<p><div id=\"attachment_122974\" style=\"width: 410px\" class=\"wp-caption alignright\"><a href=\"https:\/\/jundiai.sp.gov.br\/noticias\/wp-content\/uploads\/sites\/32\/2013\/12\/formatura_curso_bolsas_p_65G1.jpg\"><img loading=\"lazy\" decoding=\"async\" aria-describedby=\"caption-attachment-122974\" src=\"https:\/\/jundiai.sp.gov.br\/noticias\/wp-content\/uploads\/sites\/32\/2013\/12\/formatura_curso_bolsas_p_65G1-720x510.jpg\" alt=\"Emocionada, Maria Jos\u00e9 recebeu seu certificado\" width=\"400\" height=\"370\" class=\"size-large wp-image-122974\" \/><\/a><p id=\"caption-attachment-122974\" class=\"wp-caption-text\">Emocionada, Maria Jos\u00e9 recebeu seu certificado<\/p><\/div>A primeira-dama e presidente do Funss, Margarete Geraldo Bigardi, agradeceu o empenho das alunas e ressaltou que no pr\u00f3ximo ano o Fundo Social estar\u00e1 repleto de novidades. <strong>Em janeiro, segundo ela, ser\u00e3o abertas as inscri\u00e7\u00f5es para novos cursos.<\/strong><\/p>\n<p>Entre as op\u00e7\u00f5es, cabeleireiro, design de sobrancelha, escola da moda, culin\u00e1rias doce e salgada, manicure e pedicure, inform\u00e1tica, tran\u00e7ando arte, pintura em tela, pintura em tecido e desenho. \u201cO Fundo Social ter\u00e1 sua nova sede, no Parque Comendador Ant\u00f4nio Carbonari, com muita coisa boa.\u201d<\/p>\n<p><strong>As aulas foram ministradas pela professora Ana Luiza Nogueira Dias<\/strong>, que destacou o aproveitamento das aulas pelos alunos. Em breve, <strong>a abertura de inscri\u00e7\u00f5es ser\u00e1 divulgada por meio deste site.<\/strong><\/p>\n<p><em><strong>Por Luana Dias<br \/>\nFotos: Paulo Gr\u00e9gio<\/strong><\/em><\/p>\n","protected":false},"excerpt":{"rendered":"<p>Alunos conclu\u00edram as oficinas de confec\u00e7\u00e3o de bolsas e reparos em roupas e podem ter renda extra <\/p>\n","protected":false},"author":10,"featured_media":77845,"comment_status":"closed","ping_status":"closed","sticky":false,"template":"","format":"standard","meta":{"footnotes":""},"categories":[2],"tags":[],"ods":[],"class_list":["post-77832","post","type-post","status-publish","format-standard","has-post-thumbnail","hentry","category-noticias"],"_links":{"self":[{"href":"https:\/\/jundiai.sp.gov.br\/noticias\/wp-json\/wp\/v2\/posts\/77832","targetHints":{"allow":["GET"]}}],"collection":[{"href":"https:\/\/jundiai.sp.gov.br\/noticias\/wp-json\/wp\/v2\/posts"}],"about":[{"href":"https:\/\/jundiai.sp.gov.br\/noticias\/wp-json\/wp\/v2\/types\/post"}],"author":[{"embeddable":true,"href":"https:\/\/jundiai.sp.gov.br\/noticias\/wp-json\/wp\/v2\/users\/10"}],"replies":[{"embeddable":true,"href":"https:\/\/jundiai.sp.gov.br\/noticias\/wp-json\/wp\/v2\/comments?post=77832"}],"version-history":[{"count":2,"href":"https:\/\/jundiai.sp.gov.br\/noticias\/wp-json\/wp\/v2\/posts\/77832\/revisions"}],"predecessor-version":[{"id":122975,"href":"https:\/\/jundiai.sp.gov.br\/noticias\/wp-json\/wp\/v2\/posts\/77832\/revisions\/122975"}],"wp:featuredmedia":[{"embeddable":true,"href":"https:\/\/jundiai.sp.gov.br\/noticias\/wp-json\/"}],"wp:attachment":[{"href":"https:\/\/jundiai.sp.gov.br\/noticias\/wp-json\/wp\/v2\/media?parent=77832"}],"wp:term":[{"taxonomy":"category","embeddable":true,"href":"https:\/\/jundiai.sp.gov.br\/noticias\/wp-json\/wp\/v2\/categories?post=77832"},{"taxonomy":"post_tag","embeddable":true,"href":"https:\/\/jundiai.sp.gov.br\/noticias\/wp-json\/wp\/v2\/tags?post=77832"},{"taxonomy":"ods","embeddable":true,"href":"https:\/\/jundiai.sp.gov.br\/noticias\/wp-json\/wp\/v2\/ods?post=77832"}],"curies":[{"name":"wp","href":"https:\/\/api.w.org\/{rel}","templated":true}]}}