{"id":77872,"date":"2013-12-19T18:50:54","date_gmt":"2013-12-19T20:50:54","guid":{"rendered":"https:\/\/jundiai.sp.gov.br\/noticias\/?p=77872"},"modified":"2016-11-04T11:19:08","modified_gmt":"2016-11-04T13:19:08","slug":"futebol-solidario-prefeito-recebe-o-atacante-nene","status":"publish","type":"post","link":"https:\/\/jundiai.sp.gov.br\/noticias\/2013\/12\/19\/futebol-solidario-prefeito-recebe-o-atacante-nene\/","title":{"rendered":"Futebol Solid\u00e1rio: Prefeito recebe o atacante Nen\u00ea"},"content":{"rendered":"<p><strong>O prefeito Pedro Bigardi recebeu nesta quinta-feira (19) o atacante Nen\u00ea, do Al-Gharafa do Catar. O atleta promove na pr\u00f3xima segunda-feira (23) o jogo beneficente \u201cFome S\u00f3 de Bola \u2013 Futebol Solid\u00e1rio\u201d, evento que acontece no est\u00e1dio Jayme Cintra, a partir das 20h30, em prol do Funss (Fundo Social de Solidariedade).<\/strong><\/p>\n<p><strong>MAIS<br \/>\n<a href=\"https:\/\/jundiai.sp.gov.br\/noticias\/2013\/12\/ingressos-jogo-do-nene\/\" target=\"_blank\">Ingressos para o Jogo Solid\u00e1rio<\/a><\/strong><br \/>\n<a href=\"https:\/\/jundiai.sp.gov.br\/noticias\/2013\/12\/jogo-solidario-de-nene-tera-onibus-extras\/\" target=\"_blank\"><strong>Jogo solid\u00e1rio de Nen\u00ea ter\u00e1 \u00f4nibus extras<\/strong><\/a><\/p>\n<div id=\"attachment_122986\" style=\"width: 730px\" class=\"wp-caption aligncenter\"><a href=\"https:\/\/jundiai.sp.gov.br\/noticias\/wp-content\/uploads\/sites\/32\/2013\/12\/jogador_nene_prefeito_D38g.jpg\"><img loading=\"lazy\" decoding=\"async\" aria-describedby=\"caption-attachment-122986\" src=\"https:\/\/jundiai.sp.gov.br\/noticias\/wp-content\/uploads\/sites\/32\/2013\/12\/jogador_nene_prefeito_D38g-720x538.jpg\" alt=\"Prefeito confirmou presen\u00e7a no jogo de segunda-feira\" width=\"720\" height=\"538\" class=\"size-large wp-image-122986\" srcset=\"https:\/\/jundiai.sp.gov.br\/noticias\/wp-content\/uploads\/sites\/32\/2013\/12\/jogador_nene_prefeito_D38g-720x538.jpg 720w, https:\/\/jundiai.sp.gov.br\/noticias\/wp-content\/uploads\/sites\/32\/2013\/12\/jogador_nene_prefeito_D38g-300x224.jpg 300w, https:\/\/jundiai.sp.gov.br\/noticias\/wp-content\/uploads\/sites\/32\/2013\/12\/jogador_nene_prefeito_D38g.jpg 1240w\" sizes=\"auto, (max-width: 720px) 100vw, 720px\" \/><\/a><p id=\"caption-attachment-122986\" class=\"wp-caption-text\">Prefeito confirmou presen\u00e7a no jogo de segunda-feira<\/p><\/div>\n<p>Para participar do evento e colaborar com as entidades atendidas pelo Funss, basta comparecer a um dos postos relacionados com um quilo de alimento n\u00e3o perec\u00edvel, exceto sal e a\u00e7\u00facar.<\/p>\n<p>\u201cSempre que estou de f\u00e9rias procuro voltar para Jundia\u00ed e gosto de promover estes jogos para ajudar as entidades da minha cidade. Ser\u00e1 uma grande festa e ter\u00e1 a participa\u00e7\u00e3o de amigos do esporte e de alguns artistas. Convoco os moradores da cidade para acompanhar a partida e ajudar o Fundo Social\u201d, disse Nen\u00ea.<\/p>\n<p><strong>O prefeito Pedro Bigardi confirmou presen\u00e7a na festa.<\/strong> \u201c\u00c9 uma partida que fecha o ano e tem clima de confraterniza\u00e7\u00e3o. Vamos fazer uma faixa agradecendo o Nen\u00ea e todos que vir\u00e3o participar para ajudar o Fundo Social. A partida vai arrecadar muitos alimentos e colaborar com muita gente. \u00c9 uma atitude muito nobre do Nen\u00ea \u201d, explicou o prefeito.<\/p>\n<p>Segundo o secret\u00e1rio de Esportes, Cristiano Lopes, Jundia\u00ed ter\u00e1 uma grande noite nesta segunda-feira (23). \u201cA popula\u00e7\u00e3o ter\u00e1 a chance de ver atletas que est\u00e3o atividades e ex-jogadores, al\u00e9m de artistas. A secretaria ajudou com a divulga\u00e7\u00e3o nos centros esportivos\u201d.<\/p>\n<p>Acompanharam a visita o secret\u00e1rio de Obras, Jos\u00e9 Roberto Aprillanti Junior, o diretor-presidente da DAE S\/A, Jamil Yatim, o presidente da C\u00e2mara, Gerson Sartori e o diretor de Esportes, Jo\u00e3o Guilherme Maffia.<\/p>\n<p><strong>Jogo solid\u00e1rio<br \/>\n<\/strong>Al\u00e9m do anfitri\u00e3o, que atualmente joga no Al-Gharafa do Catar, Lucas (PSG), o piloto Felipe Massa, o astro do futsal Falc\u00e3o e o levantador Bruninho, capit\u00e3o da sele\u00e7\u00e3o brasileira de v\u00f4lei, e outros importantes nomes do esporte estar\u00e3o na partida.<\/p>\n<p>S\u00e3o aguardados o lateral Cear\u00e1 (campe\u00e3o brasileiro pelo Cruzeiro); Alex, Alan Patrick e Fabr\u00edcio (Inter-RS); Paulo Andr\u00e9 e Ralf (Corinthians); Wellington (S\u00e3o Paulo); Bol\u00edvar (Botafogo-RJ); os atacantes Gabigol, do Santos, e Rodriguinho, campe\u00e3o brasileiro de 2010 pelo Fluminense; o meia Breitner (XV de Piracicaba) e o ex-jogador Alberto, artilheiro do Peixe na conquista do Brasileir\u00e3o de 2002, e que reside em Jundia\u00ed.<\/p>\n<p>Al\u00e9m dos atletas, o p\u00fablico de Jundia\u00ed poder\u00e1 conferir o desempenho em campo da galera do Turma do Pagode, do cantor Gabriel o Pensador, e dos atores da Globo Eri Johnson, Thiago Martins e Rafael Zulu.<\/p>\n<div id=\"attachment_122988\" style=\"width: 730px\" class=\"wp-caption aligncenter\"><a href=\"https:\/\/jundiai.sp.gov.br\/noticias\/wp-content\/uploads\/sites\/32\/2013\/12\/jogador_nene_prefeito_D74g.jpg\"><img loading=\"lazy\" decoding=\"async\" aria-describedby=\"caption-attachment-122988\" src=\"https:\/\/jundiai.sp.gov.br\/noticias\/wp-content\/uploads\/sites\/32\/2013\/12\/jogador_nene_prefeito_D74g-720x499.jpg\" alt=\"Partida vai arrecadar alimentos para o Fundo Social\" width=\"720\" height=\"499\" class=\"size-large wp-image-122988\" srcset=\"https:\/\/jundiai.sp.gov.br\/noticias\/wp-content\/uploads\/sites\/32\/2013\/12\/jogador_nene_prefeito_D74g-720x499.jpg 720w, https:\/\/jundiai.sp.gov.br\/noticias\/wp-content\/uploads\/sites\/32\/2013\/12\/jogador_nene_prefeito_D74g-300x208.jpg 300w, https:\/\/jundiai.sp.gov.br\/noticias\/wp-content\/uploads\/sites\/32\/2013\/12\/jogador_nene_prefeito_D74g.jpg 1240w\" sizes=\"auto, (max-width: 720px) 100vw, 720px\" \/><\/a><p id=\"caption-attachment-122988\" class=\"wp-caption-text\">Partida vai arrecadar alimentos para o Fundo Social<\/p><\/div>\n<p><em><strong>Por Fabio Frattini Manzini<br \/>\nFotos: Dorival Pinheiro Filho<\/strong><\/em><\/p>\n","protected":false},"excerpt":{"rendered":"<p>Atleta promove na pr\u00f3xima segunda-feira (23) o jogo beneficente \u201cFome S\u00f3 de Bola \u2013 Futebol Solid\u00e1rio\u201d<\/p>\n","protected":false},"author":10,"featured_media":77887,"comment_status":"closed","ping_status":"closed","sticky":false,"template":"","format":"standard","meta":{"footnotes":""},"categories":[2],"tags":[],"ods":[],"class_list":["post-77872","post","type-post","status-publish","format-standard","has-post-thumbnail","hentry","category-noticias"],"_links":{"self":[{"href":"https:\/\/jundiai.sp.gov.br\/noticias\/wp-json\/wp\/v2\/posts\/77872","targetHints":{"allow":["GET"]}}],"collection":[{"href":"https:\/\/jundiai.sp.gov.br\/noticias\/wp-json\/wp\/v2\/posts"}],"about":[{"href":"https:\/\/jundiai.sp.gov.br\/noticias\/wp-json\/wp\/v2\/types\/post"}],"author":[{"embeddable":true,"href":"https:\/\/jundiai.sp.gov.br\/noticias\/wp-json\/wp\/v2\/users\/10"}],"replies":[{"embeddable":true,"href":"https:\/\/jundiai.sp.gov.br\/noticias\/wp-json\/wp\/v2\/comments?post=77872"}],"version-history":[{"count":2,"href":"https:\/\/jundiai.sp.gov.br\/noticias\/wp-json\/wp\/v2\/posts\/77872\/revisions"}],"predecessor-version":[{"id":122989,"href":"https:\/\/jundiai.sp.gov.br\/noticias\/wp-json\/wp\/v2\/posts\/77872\/revisions\/122989"}],"wp:featuredmedia":[{"embeddable":true,"href":"https:\/\/jundiai.sp.gov.br\/noticias\/wp-json\/"}],"wp:attachment":[{"href":"https:\/\/jundiai.sp.gov.br\/noticias\/wp-json\/wp\/v2\/media?parent=77872"}],"wp:term":[{"taxonomy":"category","embeddable":true,"href":"https:\/\/jundiai.sp.gov.br\/noticias\/wp-json\/wp\/v2\/categories?post=77872"},{"taxonomy":"post_tag","embeddable":true,"href":"https:\/\/jundiai.sp.gov.br\/noticias\/wp-json\/wp\/v2\/tags?post=77872"},{"taxonomy":"ods","embeddable":true,"href":"https:\/\/jundiai.sp.gov.br\/noticias\/wp-json\/wp\/v2\/ods?post=77872"}],"curies":[{"name":"wp","href":"https:\/\/api.w.org\/{rel}","templated":true}]}}