{"id":77903,"date":"2013-12-20T15:45:45","date_gmt":"2013-12-20T17:45:45","guid":{"rendered":"https:\/\/jundiai.sp.gov.br\/noticias\/?p=77903"},"modified":"2016-11-04T11:19:07","modified_gmt":"2016-11-04T13:19:07","slug":"funss-recebe-doacao-de-maquina-de-fazer-fralda","status":"publish","type":"post","link":"https:\/\/jundiai.sp.gov.br\/noticias\/2013\/12\/20\/funss-recebe-doacao-de-maquina-de-fazer-fralda\/","title":{"rendered":"Funss recebe doa\u00e7\u00e3o de m\u00e1quina de fazer fralda"},"content":{"rendered":"<p><strong>O Funss (Fundo Social de Solidariedade) e Coordenadoria do Idoso receberam, nesta sexta-feira (20), a doa\u00e7\u00e3o de uma m\u00e1quina produzir fraldas infantis e geri\u00e1tricas, da Igreja Jesus Cristo dos Santos dos \u00daltimos Dias (Mormons). <\/strong><\/p>\n<p><strong>MAIS<br \/>\n<a href=\"https:\/\/jundiai.sp.gov.br\/noticias\/2013\/12\/fundo-social-forma-34-alunas-em-oficinas\/\" target=\"_blank\">Fundo Social forma 34 alunas em oficinas<\/strong><\/a><\/p>\n<div id=\"attachment_122984\" style=\"width: 730px\" class=\"wp-caption aligncenter\"><a href=\"https:\/\/jundiai.sp.gov.br\/noticias\/wp-content\/uploads\/sites\/32\/2013\/12\/Doacao_maquina_de_fraldas_ao_FUNSS_c_14_G1.jpg\"><img loading=\"lazy\" decoding=\"async\" aria-describedby=\"caption-attachment-122984\" src=\"https:\/\/jundiai.sp.gov.br\/noticias\/wp-content\/uploads\/sites\/32\/2013\/12\/Doacao_maquina_de_fraldas_ao_FUNSS_c_14_G1-720x506.jpg\" alt=\"M\u00e1quina confecciona fraldas geri\u00e1tricas e infantis e foi doada \u00e0 Prefeitura\" width=\"720\" height=\"506\" class=\"size-large wp-image-122984\" srcset=\"https:\/\/jundiai.sp.gov.br\/noticias\/wp-content\/uploads\/sites\/32\/2013\/12\/Doacao_maquina_de_fraldas_ao_FUNSS_c_14_G1-720x506.jpg 720w, https:\/\/jundiai.sp.gov.br\/noticias\/wp-content\/uploads\/sites\/32\/2013\/12\/Doacao_maquina_de_fraldas_ao_FUNSS_c_14_G1-300x210.jpg 300w, https:\/\/jundiai.sp.gov.br\/noticias\/wp-content\/uploads\/sites\/32\/2013\/12\/Doacao_maquina_de_fraldas_ao_FUNSS_c_14_G1.jpg 1240w\" sizes=\"auto, (max-width: 720px) 100vw, 720px\" \/><\/a><p id=\"caption-attachment-122984\" class=\"wp-caption-text\">M\u00e1quina confecciona fraldas geri\u00e1tricas e infantis e foi doada \u00e0 Prefeitura<\/p><\/div>\n<p>Para a entrega, foi realizada uma cerim\u00f4nia com direito a apresenta\u00e7\u00e3o do coral dos mission\u00e1rios. <strong>Al\u00e9m da m\u00e1quina, tamb\u00e9m foram doados os materiais para a confec\u00e7\u00e3o de 10 mil fraldas. <\/strong><\/p>\n<p>O recurso usado para a compra, segundo a Igreja, veio do Programa de Ajuda Humanit\u00e1ria, que est\u00e1 dentro do Programa de Bem-Estar na Igreja. <\/p>\n<p>De acordo com Paulo Santana, representante da primeira-dama Margarete Geraldo Bigardi, a pr\u00f3pria igreja ir\u00e1 capacitar pessoas do Fundo Social para a confec\u00e7\u00e3o das fraldas. &#8220;Vamos verificar quais entidades hoje utilizam fraldas para que possamos realizar doa\u00e7\u00f5es. Para n\u00f3s, essa m\u00e1quina \u00e9 recebida com muita felicidade.&#8221; <\/p>\n<p>O equipamento ficar\u00e1 na nova sede do Funss, no Parque da Uva. A respons\u00e1vel pela Coordenadoria do Idoso, Cl\u00e1udia Sartori, tamb\u00e9m agradeceu. &#8220;A cidade tem grande demanda de idosos, pessoas com defici\u00eancia e acamados. Sabemos o impacto que a compra de fraldas representa no or\u00e7amento das fam\u00edlias. Por isso, \u00e9 uma importante ajuda.&#8221; <\/p>\n<p>Segundo o diretor de assuntos p\u00fablicos da Igreja, M\u00e1rcio Roberto Patelli, a doa\u00e7\u00e3o tem como objetivo fazer com que o Funss e Coordenadoria do Idoso sejam autosuficientes. &#8220;\u00c9 uma maneira permanente de ajudar.&#8221; Com rela\u00e7\u00e3o \u00e0 m\u00e3o de obra para fazer as fraldas, ele ressalta que acionou o programa de voluntariado da Igreja M\u00e3os que Ajudam, para que os interessados se coloquem \u00e0 disposi\u00e7\u00e3o em colaborar. <\/p>\n<p><em><strong>Luana Dias<br \/>\nFoto: Cleber de Almeida<\/strong><\/em><\/p>\n","protected":false},"excerpt":{"rendered":"<p>Equipamento foi doado pela Igreja Jesus Cristo dos Santos dos \u00daltimos Dias em cerim\u00f4nia na institui\u00e7\u00e3o<\/p>\n","protected":false},"author":10,"featured_media":77906,"comment_status":"closed","ping_status":"closed","sticky":false,"template":"","format":"standard","meta":{"footnotes":""},"categories":[2],"tags":[],"ods":[],"class_list":["post-77903","post","type-post","status-publish","format-standard","has-post-thumbnail","hentry","category-noticias"],"_links":{"self":[{"href":"https:\/\/jundiai.sp.gov.br\/noticias\/wp-json\/wp\/v2\/posts\/77903","targetHints":{"allow":["GET"]}}],"collection":[{"href":"https:\/\/jundiai.sp.gov.br\/noticias\/wp-json\/wp\/v2\/posts"}],"about":[{"href":"https:\/\/jundiai.sp.gov.br\/noticias\/wp-json\/wp\/v2\/types\/post"}],"author":[{"embeddable":true,"href":"https:\/\/jundiai.sp.gov.br\/noticias\/wp-json\/wp\/v2\/users\/10"}],"replies":[{"embeddable":true,"href":"https:\/\/jundiai.sp.gov.br\/noticias\/wp-json\/wp\/v2\/comments?post=77903"}],"version-history":[{"count":1,"href":"https:\/\/jundiai.sp.gov.br\/noticias\/wp-json\/wp\/v2\/posts\/77903\/revisions"}],"predecessor-version":[{"id":122985,"href":"https:\/\/jundiai.sp.gov.br\/noticias\/wp-json\/wp\/v2\/posts\/77903\/revisions\/122985"}],"wp:featuredmedia":[{"embeddable":true,"href":"https:\/\/jundiai.sp.gov.br\/noticias\/wp-json\/"}],"wp:attachment":[{"href":"https:\/\/jundiai.sp.gov.br\/noticias\/wp-json\/wp\/v2\/media?parent=77903"}],"wp:term":[{"taxonomy":"category","embeddable":true,"href":"https:\/\/jundiai.sp.gov.br\/noticias\/wp-json\/wp\/v2\/categories?post=77903"},{"taxonomy":"post_tag","embeddable":true,"href":"https:\/\/jundiai.sp.gov.br\/noticias\/wp-json\/wp\/v2\/tags?post=77903"},{"taxonomy":"ods","embeddable":true,"href":"https:\/\/jundiai.sp.gov.br\/noticias\/wp-json\/wp\/v2\/ods?post=77903"}],"curies":[{"name":"wp","href":"https:\/\/api.w.org\/{rel}","templated":true}]}}