{"id":77925,"date":"2013-12-20T16:42:46","date_gmt":"2013-12-20T18:42:46","guid":{"rendered":"https:\/\/jundiai.sp.gov.br\/noticias\/?p=77925"},"modified":"2016-11-04T11:19:07","modified_gmt":"2016-11-04T13:19:07","slug":"futebol-solidario-ainda-ha-ingressos-para-partida","status":"publish","type":"post","link":"https:\/\/jundiai.sp.gov.br\/noticias\/2013\/12\/20\/futebol-solidario-ainda-ha-ingressos-para-partida\/","title":{"rendered":"Futebol Solid\u00e1rio: Ainda h\u00e1 ingressos para partida"},"content":{"rendered":"<p><strong>Ainda h\u00e1 ingressos para o p\u00fablico que deseja prestigiar o jogo Fome S\u00f3 de Bola \u2013 Futebol Solid\u00e1rio, promovido pelo jogador do Al-Gharafa, do Catar, Nen\u00ea, que iniciou sua carreira no Paulista de Jundia\u00ed. Os ingressos est\u00e3o sendo trocados por um quilo de alimento em diversos pontos da cidade. A arrecada\u00e7\u00e3o ser\u00e1 destinada ao Fundo Social de Solidariedade (Funss). A partida ocorre na segunda-feira (23), no Est\u00e1dio Jayme Cintra. <\/strong><\/p>\n<p><strong>MAIS<br \/>\n<a href=\"https:\/\/jundiai.sp.gov.br\/noticias\/2013\/12\/jundiai-mirim-recebe-caravana-da-alegria-no-sabado\/\" target=\"_blank\">Jundia\u00ed Mirim recebe Caravana da Alegria no s\u00e1bado<\/strong><\/a><\/p>\n<div id=\"attachment_122977\" style=\"width: 730px\" class=\"wp-caption aligncenter\"><a href=\"https:\/\/jundiai.sp.gov.br\/noticias\/wp-content\/uploads\/sites\/32\/2013\/12\/jogador_nene_prefeito_D26g.jpg\"><img loading=\"lazy\" decoding=\"async\" aria-describedby=\"caption-attachment-122977\" src=\"https:\/\/jundiai.sp.gov.br\/noticias\/wp-content\/uploads\/sites\/32\/2013\/12\/jogador_nene_prefeito_D26g-720x524.jpg\" alt=\"Nen\u00ea, organizador da partida, visitou o prefeito Pedro Bigardi na quinta (19)\" width=\"720\" height=\"524\" class=\"size-large wp-image-122977\" srcset=\"https:\/\/jundiai.sp.gov.br\/noticias\/wp-content\/uploads\/sites\/32\/2013\/12\/jogador_nene_prefeito_D26g-720x524.jpg 720w, https:\/\/jundiai.sp.gov.br\/noticias\/wp-content\/uploads\/sites\/32\/2013\/12\/jogador_nene_prefeito_D26g-300x218.jpg 300w, https:\/\/jundiai.sp.gov.br\/noticias\/wp-content\/uploads\/sites\/32\/2013\/12\/jogador_nene_prefeito_D26g.jpg 1240w\" sizes=\"auto, (max-width: 720px) 100vw, 720px\" \/><\/a><p id=\"caption-attachment-122977\" class=\"wp-caption-text\">Nen\u00ea, organizador da partida, visitou o prefeito Pedro Bigardi na quinta (19)<\/p><\/div>\n<p>O evento reunir\u00e1 astros como Nen\u00ea, Lucas, Felipe Massa, Falc\u00e3o do futsal, Bruninho do v\u00f4lei e os integrantes da Turma do Pagode. Al\u00e9m disso, Ana Paula Oliveira, primeira mulher a atuar em uma decis\u00e3o de campeonato estadual no futebol brasileiro, no Paulist\u00e3o de 2003, ser\u00e1 a respons\u00e1vel por comandar o espet\u00e1culo.<\/p>\n<p>O jogo ter\u00e1 transmiss\u00e3o ao vivo do SporTV para todo o Brasil. \u201cA procura pelos ingressos est\u00e1 sendo grande. Por isso, \u00e9 importante que as pessoas procurem levar os alimentos aos postos o quanto antes para garantir sua participa\u00e7\u00e3o na festa\u201d, recomendou Nen\u00ea.<\/p>\n<p><strong>O prefeito Pedro Bigardi confirmou presen\u00e7a na festa.<\/strong>\u201c\u00c9 uma partida que fecha o ano e tem clima de confraterniza\u00e7\u00e3o. Vamos fazer uma faixa agradecendo o Nen\u00ea e todos que vir\u00e3o participar para ajudar o Fundo Social. A partida vai arrecadar alimentos e colaborar com muita gente. \u00c9 uma atitude nobre do Nen\u00ea \u201d, explicou o prefeito, que nesta quinta (19), recebeu a visita de Nen\u00ea em seu gabinete. <\/p>\n<p>Tamb\u00e9m s\u00e3o aguardados o lateral Cear\u00e1 (campe\u00e3o brasileiro pelo Cruzeiro); Alex, Alan Patrick e Fabr\u00edcio (Inter-RS); Paulo Andr\u00e9 e Ralf (Corinthians); Wellington (S\u00e3o Paulo); Bol\u00edvar (Botafogo-RJ); os atacantes Gabigol, do Santos, e Rodriguinho, campe\u00e3o brasileiro de 2010 pelo Fluminense; o meia Breitner (XV de Piracicaba) e o ex-jogador Alberto, artilheiro do Peixe na conquista do Brasileir\u00e3o de 2002, e que reside em Jundia\u00ed.<\/p>\n<p>Al\u00e9m dos atletas, o p\u00fablico de Jundia\u00ed poder\u00e1 conferir o desempenho em campo da galera do Turma do Pagode, do cantor Gabriel o Pensador, e dos atores da Globo Eri Johnson, Thiago Martins e Rafael Zulu.<\/p>\n<p><strong>Confira a lista dos postos de troca:<\/strong><br \/>\n<em>Supermercados Russi: filiais Centro, Hortol\u00e2ndia, Retiro, Ponte S\u00e3o Jo\u00e3o, Vila Arens, Agapeama, Vila Cristo, V\u00e1rzea, Campo Limpo, 14 de Dezembro e Itupeva.<br \/>\nSupermercados Boa (Hortol\u00e2ndia, Retiro, Maxi Shopping e Imigrantes)<br \/>\nSupermercados Elias (Vila Rami, 9 de Julho e Vila Rio Branco)<br \/>\nFundo Social de Solidariedade<br \/>\nEst\u00e1dio Jayme Cintra<br \/>\nCochabamba Sport Bar<br \/>\n\u00d3ptica Severio (Centro)<br \/>\nJundianel (Vila Rami)<br \/>\nDuda Kids (Eloy Chaves)<br \/>\nA\u00e7ougue do Marcio (Centro)<br \/>\nEmbalagens Elo\u00edsa (Ponte S\u00e3o Jo\u00e3o)<br \/>\nM\u00f3veis Girassoto (Hortol\u00e2ndia)<br \/>\nBazar Leila (Vila Rami)<br \/>\nMec\u00e2nica do Nelsinho<br \/>\nMaxilens \u00d3ptica (Ros\u00e1rio e Senador)<\/em><\/p>\n<p><strong>Por Assessoria de Imprensa<\/strong><br \/>\n<strong>Foto: Dorival Pinheiro Filho<\/strong><\/p>\n","protected":false},"excerpt":{"rendered":"<p>Os ingressos est\u00e3o sendo trocados por um quilo de alimento em diversos pontos da cidade<\/p>\n","protected":false},"author":10,"featured_media":76989,"comment_status":"closed","ping_status":"closed","sticky":false,"template":"","format":"standard","meta":{"footnotes":""},"categories":[2],"tags":[35],"ods":[],"class_list":["post-77925","post","type-post","status-publish","format-standard","has-post-thumbnail","hentry","category-noticias","tag-esporte-e-lazer"],"_links":{"self":[{"href":"https:\/\/jundiai.sp.gov.br\/noticias\/wp-json\/wp\/v2\/posts\/77925","targetHints":{"allow":["GET"]}}],"collection":[{"href":"https:\/\/jundiai.sp.gov.br\/noticias\/wp-json\/wp\/v2\/posts"}],"about":[{"href":"https:\/\/jundiai.sp.gov.br\/noticias\/wp-json\/wp\/v2\/types\/post"}],"author":[{"embeddable":true,"href":"https:\/\/jundiai.sp.gov.br\/noticias\/wp-json\/wp\/v2\/users\/10"}],"replies":[{"embeddable":true,"href":"https:\/\/jundiai.sp.gov.br\/noticias\/wp-json\/wp\/v2\/comments?post=77925"}],"version-history":[{"count":1,"href":"https:\/\/jundiai.sp.gov.br\/noticias\/wp-json\/wp\/v2\/posts\/77925\/revisions"}],"predecessor-version":[{"id":122978,"href":"https:\/\/jundiai.sp.gov.br\/noticias\/wp-json\/wp\/v2\/posts\/77925\/revisions\/122978"}],"wp:featuredmedia":[{"embeddable":true,"href":"https:\/\/jundiai.sp.gov.br\/noticias\/wp-json\/"}],"wp:attachment":[{"href":"https:\/\/jundiai.sp.gov.br\/noticias\/wp-json\/wp\/v2\/media?parent=77925"}],"wp:term":[{"taxonomy":"category","embeddable":true,"href":"https:\/\/jundiai.sp.gov.br\/noticias\/wp-json\/wp\/v2\/categories?post=77925"},{"taxonomy":"post_tag","embeddable":true,"href":"https:\/\/jundiai.sp.gov.br\/noticias\/wp-json\/wp\/v2\/tags?post=77925"},{"taxonomy":"ods","embeddable":true,"href":"https:\/\/jundiai.sp.gov.br\/noticias\/wp-json\/wp\/v2\/ods?post=77925"}],"curies":[{"name":"wp","href":"https:\/\/api.w.org\/{rel}","templated":true}]}}