{"id":77929,"date":"2013-12-20T17:28:13","date_gmt":"2013-12-20T19:28:13","guid":{"rendered":"https:\/\/jundiai.sp.gov.br\/noticias\/?p=77929"},"modified":"2016-11-04T11:19:07","modified_gmt":"2016-11-04T13:19:07","slug":"bigardi-recebe-homenagem-da-coca-cola-a-jundiai","status":"publish","type":"post","link":"https:\/\/jundiai.sp.gov.br\/noticias\/2013\/12\/20\/bigardi-recebe-homenagem-da-coca-cola-a-jundiai\/","title":{"rendered":"Bigardi recebe homenagem da Coca-Cola a Jundia\u00ed"},"content":{"rendered":"<p><strong>Nesta sexta-feira (20), o prefeito Pedro Bigardi recebeu a visita do vice-presidente da Coca-Cola FEMSA (Fomento Econ\u00f4mico Mexicano), da unidade de Jundia\u00ed, Eduardo Lacerda. <\/strong><\/p>\n<p><strong>No encontro, o diretor Jaime Rios e o gerente de Rela\u00e7\u00f5es Institucionais, Rodrigo Simionato, entregaram ao prefeito garrafas personalizadas em homenagem aos 358 anos de Jundia\u00ed.<\/strong><\/p>\n<p>\u201cFiquei honrado com a homenagem desta grande empresa que temos na cidade e pelo carinho de virem at\u00e9 aqui nos prestigiar\u201d, comenta Bigardi.<\/p>\n<p>A unidade de Jundia\u00ed fabrica refrigerantes e \u00e1gua, sendo a maior franquia de Coca-Cola do mundo em volume de vendas.<\/p>\n<div id=\"attachment_122967\" style=\"width: 730px\" class=\"wp-caption aligncenter\"><a href=\"https:\/\/jundiai.sp.gov.br\/noticias\/wp-content\/uploads\/sites\/32\/2013\/12\/visita_femsa_coca_cola_p_13G.jpg\"><img loading=\"lazy\" decoding=\"async\" aria-describedby=\"caption-attachment-122967\" src=\"https:\/\/jundiai.sp.gov.br\/noticias\/wp-content\/uploads\/sites\/32\/2013\/12\/visita_femsa_coca_cola_p_13G-720x510.jpg\" alt=\"Prefeito recebeu garrafas personalizadas em homenagem a Jundia\u00ed\" width=\"720\" height=\"510\" class=\"size-large wp-image-122967\" srcset=\"https:\/\/jundiai.sp.gov.br\/noticias\/wp-content\/uploads\/sites\/32\/2013\/12\/visita_femsa_coca_cola_p_13G-720x510.jpg 720w, https:\/\/jundiai.sp.gov.br\/noticias\/wp-content\/uploads\/sites\/32\/2013\/12\/visita_femsa_coca_cola_p_13G-300x212.jpg 300w, https:\/\/jundiai.sp.gov.br\/noticias\/wp-content\/uploads\/sites\/32\/2013\/12\/visita_femsa_coca_cola_p_13G.jpg 1240w\" sizes=\"auto, (max-width: 720px) 100vw, 720px\" \/><\/a><p id=\"caption-attachment-122967\" class=\"wp-caption-text\">Prefeito recebeu garrafas personalizadas em homenagem a Jundia\u00ed<\/p><\/div>\n<p><em><strong>Luiza Oliveira<br \/>\nFoto: Paulo Gr\u00e9gio <\/strong><\/em><\/p>\n","protected":false},"excerpt":{"rendered":"<p>Nesta sexta-feira (20), o prefeito Pedro Bigardi recebeu a visita do vice-presidente da Coca-Cola FEMSA (Fomento Econ\u00f4mico Mexicano), da unidade de Jundia\u00ed, Eduardo Lacerda. No encontro, o diretor Jaime Rios e o gerente de Rela\u00e7\u00f5es Institucionais, Rodrigo Simionato, entregaram ao prefeito garrafas personalizadas em homenagem aos 358 anos de Jundia\u00ed. \u201cFiquei honrado com a homenagem [&hellip;]<\/p>\n","protected":false},"author":10,"featured_media":0,"comment_status":"closed","ping_status":"closed","sticky":false,"template":"","format":"standard","meta":{"footnotes":""},"categories":[2],"tags":[58],"ods":[],"class_list":["post-77929","post","type-post","status-publish","format-standard","hentry","category-noticias","tag-prefeito"],"_links":{"self":[{"href":"https:\/\/jundiai.sp.gov.br\/noticias\/wp-json\/wp\/v2\/posts\/77929","targetHints":{"allow":["GET"]}}],"collection":[{"href":"https:\/\/jundiai.sp.gov.br\/noticias\/wp-json\/wp\/v2\/posts"}],"about":[{"href":"https:\/\/jundiai.sp.gov.br\/noticias\/wp-json\/wp\/v2\/types\/post"}],"author":[{"embeddable":true,"href":"https:\/\/jundiai.sp.gov.br\/noticias\/wp-json\/wp\/v2\/users\/10"}],"replies":[{"embeddable":true,"href":"https:\/\/jundiai.sp.gov.br\/noticias\/wp-json\/wp\/v2\/comments?post=77929"}],"version-history":[{"count":1,"href":"https:\/\/jundiai.sp.gov.br\/noticias\/wp-json\/wp\/v2\/posts\/77929\/revisions"}],"predecessor-version":[{"id":122968,"href":"https:\/\/jundiai.sp.gov.br\/noticias\/wp-json\/wp\/v2\/posts\/77929\/revisions\/122968"}],"wp:attachment":[{"href":"https:\/\/jundiai.sp.gov.br\/noticias\/wp-json\/wp\/v2\/media?parent=77929"}],"wp:term":[{"taxonomy":"category","embeddable":true,"href":"https:\/\/jundiai.sp.gov.br\/noticias\/wp-json\/wp\/v2\/categories?post=77929"},{"taxonomy":"post_tag","embeddable":true,"href":"https:\/\/jundiai.sp.gov.br\/noticias\/wp-json\/wp\/v2\/tags?post=77929"},{"taxonomy":"ods","embeddable":true,"href":"https:\/\/jundiai.sp.gov.br\/noticias\/wp-json\/wp\/v2\/ods?post=77929"}],"curies":[{"name":"wp","href":"https:\/\/api.w.org\/{rel}","templated":true}]}}