{"id":77956,"date":"2013-12-20T19:04:37","date_gmt":"2013-12-20T21:04:37","guid":{"rendered":"https:\/\/jundiai.sp.gov.br\/noticias\/?p=77956"},"modified":"2016-11-04T11:19:10","modified_gmt":"2016-11-04T13:19:10","slug":"divinojundiai-conquista-o-titulo-paulista-do-estadual-sub17","status":"publish","type":"post","link":"https:\/\/jundiai.sp.gov.br\/noticias\/2013\/12\/20\/divinojundiai-conquista-o-titulo-paulista-do-estadual-sub17\/","title":{"rendered":"Divino\/Jundia\u00ed conquista o t\u00edtulo do Estadual Sub17"},"content":{"rendered":"<p><strong>A categoria Sub17 do Divino\/Jundia\u00ed, que conta com apoio da Secretaria de Esportes, conquistou titulo do Campeonato Estadual da categoria na tarde desta sexta-feira (20). A equipe venceu Unimed\/Americana por 51 a 36, em partida realizada em Americana. <\/strong><\/p>\n<p><strong>MAIS<br \/>\n<a href=\"https:\/\/jundiai.sp.gov.br\/noticias\/2013\/12\/futebol-solidario-ainda-ha-ingressos-para-partida\/\" target=\"_blank\">Futebol Solid\u00e1rio: Ainda h\u00e1 ingressos para partida<\/a><br \/>\n<\/strong><\/p>\n<p><div id=\"attachment_122956\" style=\"width: 410px\" class=\"wp-caption alignright\"><a href=\"https:\/\/jundiai.sp.gov.br\/noticias\/wp-content\/uploads\/sites\/32\/2013\/12\/basqueteg.jpg\"><img loading=\"lazy\" decoding=\"async\" aria-describedby=\"caption-attachment-122956\" src=\"https:\/\/jundiai.sp.gov.br\/noticias\/wp-content\/uploads\/sites\/32\/2013\/12\/basqueteg-720x501.jpg\" alt=\"Equipe virou para cima de Americana e faturou o caneco\" width=\"400\" height=\"350\" class=\"size-large wp-image-122956\" \/><\/a><p id=\"caption-attachment-122956\" class=\"wp-caption-text\">Equipe virou para cima de Americana e faturou o caneco<\/p><\/div>O Divino perdeu a primeira partida em casa, empatou a s\u00e9rie em partida realizada na quinta-feira e confirmou o t\u00edtulo nesta sexta. As duas \u00faltimas partidas aconteceram em Americana.<\/p>\n<p>&#8220;Foi sensacional. \u00c9 muito bom saber que elas entenderam tudo que passamos durante o ano, e que ningu\u00e9m vence na v\u00e9spera, foi uma vit\u00f3ria de um grupo&#8221;, destacou o t\u00e9cnico Luiz Cl\u00e1udio Tarallo.<\/p>\n<p>As cestinhas pelo Divino COC Jundia\u00ed foram Tayn\u00e1 e Gabriela que anotaram 16 pontos cada, s\u00f3 as duas marcaram mais da metade dos pontos. <\/p>\n<p>&#8220;Esta conquista \u00e9 muito importante para o nosso projeto, para o futuro, e \u00e9 a consolida\u00e7\u00e3o de um trabalho s\u00e9rio&#8221;, falou a coordenadora do Divino, L\u00facia Helena.<br \/>\n<em><br \/>\n<strong>Por Assessoria de Imprensa<\/strong><\/em><\/p>\n","protected":false},"excerpt":{"rendered":"<p>A categoria Sub17 do Divino\/Jundia\u00ed, que conta com apoio da Secretaria de Esportes, conquistou titulo do Campeonato Estadual da categoria na tarde desta sexta-feira (20). A equipe venceu Unimed\/Americana por 51 a 36, em partida realizada em Americana. MAIS Futebol Solid\u00e1rio: Ainda h\u00e1 ingressos para partida O Divino perdeu a primeira partida em casa, empatou [&hellip;]<\/p>\n","protected":false},"author":10,"featured_media":0,"comment_status":"closed","ping_status":"closed","sticky":false,"template":"","format":"standard","meta":{"footnotes":""},"categories":[2],"tags":[],"ods":[],"class_list":["post-77956","post","type-post","status-publish","format-standard","hentry","category-noticias"],"_links":{"self":[{"href":"https:\/\/jundiai.sp.gov.br\/noticias\/wp-json\/wp\/v2\/posts\/77956","targetHints":{"allow":["GET"]}}],"collection":[{"href":"https:\/\/jundiai.sp.gov.br\/noticias\/wp-json\/wp\/v2\/posts"}],"about":[{"href":"https:\/\/jundiai.sp.gov.br\/noticias\/wp-json\/wp\/v2\/types\/post"}],"author":[{"embeddable":true,"href":"https:\/\/jundiai.sp.gov.br\/noticias\/wp-json\/wp\/v2\/users\/10"}],"replies":[{"embeddable":true,"href":"https:\/\/jundiai.sp.gov.br\/noticias\/wp-json\/wp\/v2\/comments?post=77956"}],"version-history":[{"count":2,"href":"https:\/\/jundiai.sp.gov.br\/noticias\/wp-json\/wp\/v2\/posts\/77956\/revisions"}],"predecessor-version":[{"id":122959,"href":"https:\/\/jundiai.sp.gov.br\/noticias\/wp-json\/wp\/v2\/posts\/77956\/revisions\/122959"}],"wp:attachment":[{"href":"https:\/\/jundiai.sp.gov.br\/noticias\/wp-json\/wp\/v2\/media?parent=77956"}],"wp:term":[{"taxonomy":"category","embeddable":true,"href":"https:\/\/jundiai.sp.gov.br\/noticias\/wp-json\/wp\/v2\/categories?post=77956"},{"taxonomy":"post_tag","embeddable":true,"href":"https:\/\/jundiai.sp.gov.br\/noticias\/wp-json\/wp\/v2\/tags?post=77956"},{"taxonomy":"ods","embeddable":true,"href":"https:\/\/jundiai.sp.gov.br\/noticias\/wp-json\/wp\/v2\/ods?post=77956"}],"curies":[{"name":"wp","href":"https:\/\/api.w.org\/{rel}","templated":true}]}}