{"id":77980,"date":"2013-12-23T15:29:35","date_gmt":"2013-12-23T17:29:35","guid":{"rendered":"https:\/\/jundiai.sp.gov.br\/noticias\/?p=77980"},"modified":"2016-11-04T11:19:09","modified_gmt":"2016-11-04T13:19:09","slug":"funss-recebe-8-toneladas-de-alimentos","status":"publish","type":"post","link":"https:\/\/jundiai.sp.gov.br\/noticias\/2013\/12\/23\/funss-recebe-8-toneladas-de-alimentos\/","title":{"rendered":"Funss recebe 8 toneladas de alimentos"},"content":{"rendered":"<p><strong>Respons\u00e1vel por promover<a href=\"https:\/\/jundiai.sp.gov.br\/noticias\/2013\/12\/futebol-solidario-prefeito-recebe-o-atacante-nene\/\" target=\"_blank\"><strong> a partida que vai reunir diversos astros no Est\u00e1dio Jayme Cintra<\/strong><\/a>, na noite desta segunda (23), \u00e0s 20h30, o jogador Nen\u00ea, ao lado da patrocinadora do evento, a Bardahl, doou ao Funss (Fundo Social de Solidariedade), oito toneladas de alimentos.<\/strong><\/p>\n<p><strong>MAIS<br \/>\n<a href=\"https:\/\/jundiai.sp.gov.br\/noticias\/2013\/12\/primeira-dama-visita-centro-de-recuperacao-feminina\/\" target=\"_blank\">Primeira-dama visita Centro de Recupera\u00e7\u00e3o Feminina<\/strong><\/a><\/p>\n<p>Tr\u00eas toneladas s\u00e3o parte do resultado da <a href=\"https:\/\/jundiai.sp.gov.br\/noticias\/2013\/12\/futebol-solidario-ainda-ha-ingressos-para-partida\/\" target=\"_blank\"><strong>troca de ingressos para a partida beneficente<\/strong><\/a>, que ocorre em diversos pontos da cidade. As outras cinco toneladas foram doadas pela Bardahl. A entrega foi feita por Nen\u00ea e pelo representante da empresa, Valdo Sales, \u00e0 primeira-dama e presidente do Funss, Margarete Geraldo Bigardi, na manh\u00e3 de segunda (23).<\/p>\n<div id=\"attachment_122947\" style=\"width: 730px\" class=\"wp-caption aligncenter\"><a href=\"https:\/\/jundiai.sp.gov.br\/noticias\/wp-content\/uploads\/sites\/32\/2013\/12\/funss_nene_10G1.jpg\"><img loading=\"lazy\" decoding=\"async\" aria-describedby=\"caption-attachment-122947\" src=\"https:\/\/jundiai.sp.gov.br\/noticias\/wp-content\/uploads\/sites\/32\/2013\/12\/funss_nene_10G1-720x511.jpg\" alt=\"Alimentos foram entregues por Nen\u00ea e Bardhal ao Fundo Social\" width=\"720\" height=\"511\" class=\"size-large wp-image-122947\" srcset=\"https:\/\/jundiai.sp.gov.br\/noticias\/wp-content\/uploads\/sites\/32\/2013\/12\/funss_nene_10G1-720x511.jpg 720w, https:\/\/jundiai.sp.gov.br\/noticias\/wp-content\/uploads\/sites\/32\/2013\/12\/funss_nene_10G1-300x213.jpg 300w, https:\/\/jundiai.sp.gov.br\/noticias\/wp-content\/uploads\/sites\/32\/2013\/12\/funss_nene_10G1.jpg 1240w\" sizes=\"auto, (max-width: 720px) 100vw, 720px\" \/><\/a><p id=\"caption-attachment-122947\" class=\"wp-caption-text\">Alimentos foram entregues por Nen\u00ea e Bardhal ao Fundo Social<\/p><\/div>\n<p>De acordo com Nen\u00ea, <strong>a expectativa \u00e9 de arrecadar com o jogo mais de 10 toneladas de alimentos<\/strong>. \u201cEu j\u00e1 passei por momentos dif\u00edceis na vida e acho importante ter a chance de realizar eventos com car\u00e1ter solid\u00e1rio, para ajudar a quem precisa\u201d, destacou. Segundo ele, o Funss foi escolhido pelo fato de saber a real necessidade de cada institui\u00e7\u00e3o. <\/p>\n<p>A primeira-dama agradeceu a colabora\u00e7\u00e3o. \u201cEstamos muito felizes em poder contar com uma ajuda t\u00e3o valiosa. Felizmente, come\u00e7aremos o ano com os estoques cheios, para ajudar a quem precisa.\u201d<\/p>\n<p style=\"text-align: justify\">&nbsp;<\/p>\n<p><strong>O jogo<\/strong><br \/>\nO evento reunir\u00e1 astros como Nen\u00ea, Lucas, Felipe Massa, Falc\u00e3o do futsal e Bruninho do v\u00f4lei. Al\u00e9m disso, Ana Paula Oliveira, primeira mulher a atuar em uma decis\u00e3o de campeonato estadual no futebol brasileiro, no Paulist\u00e3o de 2003, ser\u00e1 a respons\u00e1vel por comandar o espet\u00e1culo. O jogo ter\u00e1 transmiss\u00e3o ao vivo do SporTV para todo o Brasil.<\/p>\n<p>O prefeito Pedro Bigardi confirmou presen\u00e7a na festa. Al\u00e9m dele, tamb\u00e9m s\u00e3o aguardados o lateral Cear\u00e1 (campe\u00e3o brasileiro pelo Cruzeiro); Alex, Alan Patrick e Fabr\u00edcio (Inter-RS); Paulo Andr\u00e9 e Ralf (Corinthians); Wellington (S\u00e3o Paulo); Bol\u00edvar (Botafogo-RJ); os atacantes Gabigol, do Santos, e Rodriguinho, campe\u00e3o brasileiro de 2010 pelo Fluminense; o meia Breitner (XV de Piracicaba) e o ex-jogador Alberto, artilheiro do Peixe na conquista do Brasileir\u00e3o de 2002, e que reside em Jundia\u00ed.<\/p>\n<p>O p\u00fablico de Jundia\u00ed poder\u00e1 conferir ainda o desempenho em campo da galera do Turma do Pagode, do cantor Gabriel o Pensador, e dos atores da Globo Eri, Johnson, Thiago Martins e Rafael Zulu.<\/p>\n<p><em><strong>Luana Dias<br \/>\nFoto: Divulga\u00e7\u00e3o<\/strong><\/em><\/p>\n","protected":false},"excerpt":{"rendered":"<p>Doa\u00e7\u00e3o veio do jogador de futebol Nen\u00ea e da empresa Bardahl, parceiros em evento beneficente   <\/p>\n","protected":false},"author":10,"featured_media":77981,"comment_status":"closed","ping_status":"closed","sticky":false,"template":"","format":"standard","meta":{"footnotes":""},"categories":[2],"tags":[],"ods":[],"class_list":["post-77980","post","type-post","status-publish","format-standard","has-post-thumbnail","hentry","category-noticias"],"_links":{"self":[{"href":"https:\/\/jundiai.sp.gov.br\/noticias\/wp-json\/wp\/v2\/posts\/77980","targetHints":{"allow":["GET"]}}],"collection":[{"href":"https:\/\/jundiai.sp.gov.br\/noticias\/wp-json\/wp\/v2\/posts"}],"about":[{"href":"https:\/\/jundiai.sp.gov.br\/noticias\/wp-json\/wp\/v2\/types\/post"}],"author":[{"embeddable":true,"href":"https:\/\/jundiai.sp.gov.br\/noticias\/wp-json\/wp\/v2\/users\/10"}],"replies":[{"embeddable":true,"href":"https:\/\/jundiai.sp.gov.br\/noticias\/wp-json\/wp\/v2\/comments?post=77980"}],"version-history":[{"count":2,"href":"https:\/\/jundiai.sp.gov.br\/noticias\/wp-json\/wp\/v2\/posts\/77980\/revisions"}],"predecessor-version":[{"id":122948,"href":"https:\/\/jundiai.sp.gov.br\/noticias\/wp-json\/wp\/v2\/posts\/77980\/revisions\/122948"}],"wp:featuredmedia":[{"embeddable":true,"href":"https:\/\/jundiai.sp.gov.br\/noticias\/wp-json\/"}],"wp:attachment":[{"href":"https:\/\/jundiai.sp.gov.br\/noticias\/wp-json\/wp\/v2\/media?parent=77980"}],"wp:term":[{"taxonomy":"category","embeddable":true,"href":"https:\/\/jundiai.sp.gov.br\/noticias\/wp-json\/wp\/v2\/categories?post=77980"},{"taxonomy":"post_tag","embeddable":true,"href":"https:\/\/jundiai.sp.gov.br\/noticias\/wp-json\/wp\/v2\/tags?post=77980"},{"taxonomy":"ods","embeddable":true,"href":"https:\/\/jundiai.sp.gov.br\/noticias\/wp-json\/wp\/v2\/ods?post=77980"}],"curies":[{"name":"wp","href":"https:\/\/api.w.org\/{rel}","templated":true}]}}