{"id":77988,"date":"2013-12-23T16:00:00","date_gmt":"2013-12-23T18:00:00","guid":{"rendered":"https:\/\/jundiai.sp.gov.br\/noticias\/?p=77988"},"modified":"2016-11-04T11:19:09","modified_gmt":"2016-11-04T13:19:09","slug":"primeira-dama-visita-centro-de-recuperacao-feminina","status":"publish","type":"post","link":"https:\/\/jundiai.sp.gov.br\/noticias\/2013\/12\/23\/primeira-dama-visita-centro-de-recuperacao-feminina\/","title":{"rendered":"Primeira-dama visita Centro de Recupera\u00e7\u00e3o Feminina"},"content":{"rendered":"<p><div id=\"attachment_122942\" style=\"width: 410px\" class=\"wp-caption alignleft\"><a href=\"https:\/\/jundiai.sp.gov.br\/noticias\/wp-content\/uploads\/sites\/32\/2013\/12\/funss_4G.jpg\"><img loading=\"lazy\" decoding=\"async\" aria-describedby=\"caption-attachment-122942\" src=\"https:\/\/jundiai.sp.gov.br\/noticias\/wp-content\/uploads\/sites\/32\/2013\/12\/funss_4G-720x555.jpg\" alt=\"Primeira-dama, ao lado da pastora Anatilde, entregou presentes de Natal \u00e0s mulheres\" width=\"400\" height=\"350\" class=\"size-large wp-image-122942\" \/><\/a><p id=\"caption-attachment-122942\" class=\"wp-caption-text\">Primeira-dama, ao lado da pastora Anatilde, entregou presentes de Natal \u00e0s mulheres<\/p><\/div>A manh\u00e3 desta segunda-feira (23) foi de emo\u00e7\u00e3o e alegria para as assistidas do Centro de Recupera\u00e7\u00e3o Feminina Liberta\u00e7\u00e3o Pela Palavra, no bairro Rio Acima. As mulheres receberam uma visita da primeira-dama e presidente do Fundo Social de Solidariedade, Margarete Geraldo Bigardi, que levou 75 quilos de alimentos e 45 sacolas com presentes de Natal. <\/strong><\/p>\n<p><strong>MAIS<br \/>\n<a href=\"https:\/\/jundiai.sp.gov.br\/noticias\/2013\/12\/funss-recebe-8-toneladas-de-alimentos\/\" target=\"_blank\">Funss recebe 8 toneladas de alimentos<\/strong><\/a><\/p>\n<p>\u201cTodo fim de ano, as pessoas apadrinham crian\u00e7as e d\u00e3o a elas brinquedos. Isso \u00e9 muito bacana. No entanto, pensei em &#8216;adotar&#8217; todas voc\u00eas, para que tenham um fim de ano especial, com uma roupa e sapato novo\u201d, disse Margarete, que com a colabora\u00e7\u00e3o da assessora da Casa Civil, Mar\u00edlia Souza, e da coordenadora de campanhas do Funss, Maria das Gra\u00e7as Silva Santos, arrecadou os presentes com a ajuda de funcion\u00e1rios do Pa\u00e7o Municipal.<\/p>\n<p><div id=\"attachment_122944\" style=\"width: 410px\" class=\"wp-caption alignright\"><a href=\"https:\/\/jundiai.sp.gov.br\/noticias\/wp-content\/uploads\/sites\/32\/2013\/12\/funss_7G.jpg\"><img loading=\"lazy\" decoding=\"async\" aria-describedby=\"caption-attachment-122944\" src=\"https:\/\/jundiai.sp.gov.br\/noticias\/wp-content\/uploads\/sites\/32\/2013\/12\/funss_7G-720x517.jpg\" alt=\"Mulheres fizeram homenagem \u00e0 primeira-dama\" width=\"400\" height=\"370\" class=\"size-large wp-image-122944\" \/><\/a><p id=\"caption-attachment-122944\" class=\"wp-caption-text\">Mulheres fizeram homenagem \u00e0 primeira-dama<\/p><\/div>A primeira-dama destacou ainda que pretende continuar acompanhando o trabalho da institui\u00e7\u00e3o, que j\u00e1 havia visitado em novembro. A fundadora do Centro de Recupera\u00e7\u00e3o e pastora Anatilde de Souza Lima agradeceu a visita de Margarete e colabora\u00e7\u00e3o. <\/p>\n<p>\u201c\u00c9 um milagre para n\u00f3s poder contar com a ajuda do Fundo Social. Desenvolvemos um trabalho s\u00e9rio e toda colabora\u00e7\u00e3o nos faz ter for\u00e7as para continuar.&#8221;<\/p>\n<p><em><strong>Luana Dias<br \/>\nFoto: Fot\u00f3grafos PMJ<\/strong><\/em><\/p>\n","protected":false},"excerpt":{"rendered":"<p>A manh\u00e3 desta segunda-feira (23) foi de emo\u00e7\u00e3o e alegria para as assistidas do Centro de Recupera\u00e7\u00e3o Feminina Liberta\u00e7\u00e3o Pela Palavra, no bairro Rio Acima. As mulheres receberam uma visita da primeira-dama e presidente do Fundo Social de Solidariedade, Margarete Geraldo Bigardi, que levou 75 quilos de alimentos e 45 sacolas com presentes de Natal. [&hellip;]<\/p>\n","protected":false},"author":10,"featured_media":0,"comment_status":"closed","ping_status":"closed","sticky":false,"template":"","format":"standard","meta":{"footnotes":""},"categories":[2],"tags":[],"ods":[],"class_list":["post-77988","post","type-post","status-publish","format-standard","hentry","category-noticias"],"_links":{"self":[{"href":"https:\/\/jundiai.sp.gov.br\/noticias\/wp-json\/wp\/v2\/posts\/77988","targetHints":{"allow":["GET"]}}],"collection":[{"href":"https:\/\/jundiai.sp.gov.br\/noticias\/wp-json\/wp\/v2\/posts"}],"about":[{"href":"https:\/\/jundiai.sp.gov.br\/noticias\/wp-json\/wp\/v2\/types\/post"}],"author":[{"embeddable":true,"href":"https:\/\/jundiai.sp.gov.br\/noticias\/wp-json\/wp\/v2\/users\/10"}],"replies":[{"embeddable":true,"href":"https:\/\/jundiai.sp.gov.br\/noticias\/wp-json\/wp\/v2\/comments?post=77988"}],"version-history":[{"count":3,"href":"https:\/\/jundiai.sp.gov.br\/noticias\/wp-json\/wp\/v2\/posts\/77988\/revisions"}],"predecessor-version":[{"id":122945,"href":"https:\/\/jundiai.sp.gov.br\/noticias\/wp-json\/wp\/v2\/posts\/77988\/revisions\/122945"}],"wp:attachment":[{"href":"https:\/\/jundiai.sp.gov.br\/noticias\/wp-json\/wp\/v2\/media?parent=77988"}],"wp:term":[{"taxonomy":"category","embeddable":true,"href":"https:\/\/jundiai.sp.gov.br\/noticias\/wp-json\/wp\/v2\/categories?post=77988"},{"taxonomy":"post_tag","embeddable":true,"href":"https:\/\/jundiai.sp.gov.br\/noticias\/wp-json\/wp\/v2\/tags?post=77988"},{"taxonomy":"ods","embeddable":true,"href":"https:\/\/jundiai.sp.gov.br\/noticias\/wp-json\/wp\/v2\/ods?post=77988"}],"curies":[{"name":"wp","href":"https:\/\/api.w.org\/{rel}","templated":true}]}}