{"id":77990,"date":"2013-12-23T16:09:17","date_gmt":"2013-12-23T18:09:17","guid":{"rendered":"https:\/\/jundiai.sp.gov.br\/noticias\/?p=77990"},"modified":"2016-11-04T11:19:10","modified_gmt":"2016-11-04T13:19:10","slug":"corte-da-31a-festa-da-uva-e-escolhida","status":"publish","type":"post","link":"https:\/\/jundiai.sp.gov.br\/noticias\/2013\/12\/23\/corte-da-31a-festa-da-uva-e-escolhida\/","title":{"rendered":"Corte da 31\u00aa Festa da Uva \u00e9 escolhida no Polytheama"},"content":{"rendered":"<p><strong>Jundia\u00ed j\u00e1 tem sua Corte da 31\u00aa Festa da Uva e II Expo Vinhos. Promovido pela Prefeitura de Jundia\u00ed, atrav\u00e9s da Secretaria de Cultura, o concurso, realizado neste s\u00e1bado (21), no Teatro Polytheama, elegeu como rainha Graziele Aline Aparecida Oliveira. J\u00e1 Ver\u00f4nica Antoniol dos Santos\u00a0foi escolhida como a 1\u00aa princesa e\u00a0St\u00e9phanie Cristhina Borin Mangile\u00a02\u00aa princesa. A festa tamb\u00e9m elegeu seis vinhateiras: Glaucia Regina dos Santos, Bruna Wevellyn de Oliveira, D\u00e9bora Beatriz Nunes,Gabriela Framba Vid\u00f3tti, Miriam Ferreira dos Santos e Danielle Cristina Pichi Naville. O m\u00fasico Juliano Neri se apresentou no concurso. <\/strong><\/p>\n<p><strong>MAIS<br \/>\n<strong><a href=\"http:\/\/www.flickr.com\/photos\/prefeituradejundiai\/sets\/72157638955266143\/\" target=\"_blank\">Confira as fotos do concurso<\/a><\/strong><br \/>\n<a href=\"https:\/\/jundiai.sp.gov.br\/noticias\/2013\/12\/natal-o-que-abre-e-fecha-na-cidade\/\" target=\"_blank\">Natal: o que abre e fecha na cidade<\/a><\/strong><br \/>\n<strong><a href=\"https:\/\/jundiai.sp.gov.br\/noticias\/2013\/12\/pao-e-poesia-surpreende-visitantes-do-centro\/\" target=\"_blank\">P\u00e3o e Poesia surpreende visitantes do Centro<\/a><br \/>\n<\/strong><\/p>\n<div id=\"attachment_122933\" style=\"width: 730px\" class=\"wp-caption aligncenter\"><a href=\"https:\/\/jundiai.sp.gov.br\/noticias\/wp-content\/uploads\/sites\/32\/2013\/12\/corte_festa_uva_2014_D_14G.jpg\"><img loading=\"lazy\" decoding=\"async\" aria-describedby=\"caption-attachment-122933\" src=\"https:\/\/jundiai.sp.gov.br\/noticias\/wp-content\/uploads\/sites\/32\/2013\/12\/corte_festa_uva_2014_D_14G-720x502.jpg\" alt=\"Corte escolhida conta com a rainha Graziele, a 1\u00aa princesa Ver\u00f4nica e 2\u00aa princesa Stefanie\" width=\"720\" height=\"502\" class=\"size-large wp-image-122933\" srcset=\"https:\/\/jundiai.sp.gov.br\/noticias\/wp-content\/uploads\/sites\/32\/2013\/12\/corte_festa_uva_2014_D_14G-720x502.jpg 720w, https:\/\/jundiai.sp.gov.br\/noticias\/wp-content\/uploads\/sites\/32\/2013\/12\/corte_festa_uva_2014_D_14G-300x209.jpg 300w, https:\/\/jundiai.sp.gov.br\/noticias\/wp-content\/uploads\/sites\/32\/2013\/12\/corte_festa_uva_2014_D_14G.jpg 1240w\" sizes=\"auto, (max-width: 720px) 100vw, 720px\" \/><\/a><p id=\"caption-attachment-122933\" class=\"wp-caption-text\">Corte escolhida conta com a rainha Graziele, a 1\u00aa princesa Ver\u00f4nica e 2\u00aa princesa Stefanie<\/p><\/div>\n<p>O secret\u00e1rio de Cultura, T\u00e9rcio Marinho, participou do evento. &#8220;O concurso marca o in\u00edcio das prepara\u00e7\u00f5es para a Festa da Uva. H\u00e1 uma participa\u00e7\u00e3o intensa da comunidade, que j\u00e1 fica na expectativa para a festa.&#8221; Segundo ele, a corte divulgar\u00e1 a festa por todas as cidades da regi\u00e3o. &#8220;Vamos mostrar a todos o que Jundia\u00ed tem de bom, como a qualidade de vida e a riqueza da uva.&#8221;<\/p>\n<p>O diretor de Cultura, Eufraudisio Modesto Filho agradeceu a presen\u00e7a do p\u00fablico e o apoio dos familiares das jovens inscritas. &#8220;Foi uma escolha dif\u00edcil para o corpo de jurados, devido o alto n\u00edvel das inscritas.&#8221;<\/p>\n<div id=\"attachment_122936\" style=\"width: 320px\" class=\"wp-caption alignright\"><a href=\"https:\/\/jundiai.sp.gov.br\/noticias\/wp-content\/uploads\/sites\/32\/2013\/12\/corte_festa_uva_2014_D_18G1.jpg\"><img loading=\"lazy\" decoding=\"async\" aria-describedby=\"caption-attachment-122936\" src=\"https:\/\/jundiai.sp.gov.br\/noticias\/wp-content\/uploads\/sites\/32\/2013\/12\/corte_festa_uva_2014_D_18G1-685x960.jpg\" alt=\"Aos 19 anos, Graziele Aline \u00e9 moradora no Jardim Tamoio e trabalha como vendedora\" width=\"310\" height=\"360\" class=\"size-large wp-image-122936\" \/><\/a><p id=\"caption-attachment-122936\" class=\"wp-caption-text\">Aos 19 anos, Graziele Aline \u00e9 moradora no Jardim Tamoio e trabalha como vendedora<\/p><\/div>\n<p>Tamb\u00e9m compareceu e fez parte do corpo de jurados, o secret\u00e1rio de Agricultura, Abastecimento e Turismo, Marcos Brunholi. A pasta \u00e9 a organizadora da Festa da Uva e j\u00e1 trabalha na prepara\u00e7\u00e3o do evento.<\/p>\n<p>Na comiss\u00e3o julgadora estavam ainda o fot\u00f3grafo J\u00falio Monteiro; a miss P\u00e9rola Negra, Elisabete Naiara Silva Castro; o diretor de ag\u00eancia de modelos, Wanderley Massaro; a bailarina D\u00e9bora Spina; a jornalista Sumara Mesquita; e o membro do Conselho Estadual de Turismo, Ren\u00ea Tomazetto.<\/p>\n<p><strong>A vencedora<\/strong><br \/>\nAos 19 anos, Graziele Aline \u00e9 moradora no Jardim Tamoio e trabalha como vendedora. Ela n\u00e3o \u00e9 novata em competi\u00e7\u00f5es do tipo. Em setembro desse ano, venceu em terceiro lugar no concurso Miss Comerci\u00e1ria. &#8220;Estou feliz e realizada, profissional e pessoalmente. \u00c9 um sonho de menina. Gostei muito de participar e agora vou representar a cidade na festa e em toda a regi\u00e3o.&#8221;<\/p>\n<p><strong>A festa <\/strong><br \/>\nA 31\u00aa Festa da Uva e II Expo Vinhos ser\u00e1 realizada nos dias 30 e 31 de janeiro; e 01, 02, 07, 08, 09, 14, 15 e 16 de fevereiro. \u00c0s quintas e sextas, o hor\u00e1rio \u00e9 das 18h \u00e0s 22h; aos s\u00e1bados das 10h \u00e0s 22h; domingos das 10h \u00e0s 20h. A entrada \u00e9 gratuita. O evento contar\u00e1 com workshops culin\u00e1rios, passeios tur\u00edsticos, pisa da uva, desfile de cavaleiros, mini-fazendinha, exposi\u00e7\u00e3o e venda de artesanato, espa\u00e7o Deguste Jundia\u00ed, apresenta\u00e7\u00f5es teatrais, espa\u00e7o infantil, festival de bandas, exposi\u00e7\u00e3o e vendas de frutas e vinhos, entre outras atra\u00e7\u00f5es. O evento ser\u00e1 realizado no Parque Comendador Ant\u00f4nio Carbonari (Parque da Uva).<\/p>\n<p><em><strong>Por Fl\u00e1via Alves<br \/>\nFoto: Dorival Pinheiro Filho<\/strong><\/em><\/p>\n","protected":false},"excerpt":{"rendered":"<p>Concurso, realizado no s\u00e1bado, elegeu como rainha Graziele Aline Aparecida Oliveira<\/p>\n","protected":false},"author":10,"featured_media":78003,"comment_status":"closed","ping_status":"closed","sticky":false,"template":"","format":"standard","meta":{"footnotes":""},"categories":[2],"tags":[41,29],"ods":[],"class_list":["post-77990","post","type-post","status-publish","format-standard","has-post-thumbnail","hentry","category-noticias","tag-agricultura-abastecimento-e-turismo","tag-cultura"],"_links":{"self":[{"href":"https:\/\/jundiai.sp.gov.br\/noticias\/wp-json\/wp\/v2\/posts\/77990","targetHints":{"allow":["GET"]}}],"collection":[{"href":"https:\/\/jundiai.sp.gov.br\/noticias\/wp-json\/wp\/v2\/posts"}],"about":[{"href":"https:\/\/jundiai.sp.gov.br\/noticias\/wp-json\/wp\/v2\/types\/post"}],"author":[{"embeddable":true,"href":"https:\/\/jundiai.sp.gov.br\/noticias\/wp-json\/wp\/v2\/users\/10"}],"replies":[{"embeddable":true,"href":"https:\/\/jundiai.sp.gov.br\/noticias\/wp-json\/wp\/v2\/comments?post=77990"}],"version-history":[{"count":2,"href":"https:\/\/jundiai.sp.gov.br\/noticias\/wp-json\/wp\/v2\/posts\/77990\/revisions"}],"predecessor-version":[{"id":122939,"href":"https:\/\/jundiai.sp.gov.br\/noticias\/wp-json\/wp\/v2\/posts\/77990\/revisions\/122939"}],"wp:featuredmedia":[{"embeddable":true,"href":"https:\/\/jundiai.sp.gov.br\/noticias\/wp-json\/"}],"wp:attachment":[{"href":"https:\/\/jundiai.sp.gov.br\/noticias\/wp-json\/wp\/v2\/media?parent=77990"}],"wp:term":[{"taxonomy":"category","embeddable":true,"href":"https:\/\/jundiai.sp.gov.br\/noticias\/wp-json\/wp\/v2\/categories?post=77990"},{"taxonomy":"post_tag","embeddable":true,"href":"https:\/\/jundiai.sp.gov.br\/noticias\/wp-json\/wp\/v2\/tags?post=77990"},{"taxonomy":"ods","embeddable":true,"href":"https:\/\/jundiai.sp.gov.br\/noticias\/wp-json\/wp\/v2\/ods?post=77990"}],"curies":[{"name":"wp","href":"https:\/\/api.w.org\/{rel}","templated":true}]}}