{"id":78027,"date":"2013-12-23T18:19:36","date_gmt":"2013-12-23T20:19:36","guid":{"rendered":"https:\/\/jundiai.sp.gov.br\/noticias\/?p=78027"},"modified":"2016-11-04T11:19:11","modified_gmt":"2016-11-04T13:19:11","slug":"ronda-escolar-fecha-ano-com-resultados-positivos","status":"publish","type":"post","link":"https:\/\/jundiai.sp.gov.br\/noticias\/2013\/12\/23\/ronda-escolar-fecha-ano-com-resultados-positivos\/","title":{"rendered":"Ronda escolar fecha ano com resultados positivos"},"content":{"rendered":"<p><strong>O grupamento de Ronda Escolar da Guarda Municipal de Jundia\u00ed superou as expectativas comparadas com o ano anterior. De janeiro a novembro de 2013 foram atendidas as 110 escolas do munic\u00edpio, entre creches e EMEBs, 37 escolas estaduais, Rede Sesi, Senai e Senac, somando-se tamb\u00e9m as escolas particulares, t\u00e9cnicas e de ensino superior.<\/strong><\/p>\n<p>A Ronda Escolar Municipal esta dividida em dois grupamentos: o primeiro que atua das 6h30 \u00e0s 15h e o segundo que inicia \u00e0s 15h e encerra \u00e0s 23h30.<\/p>\n<div id=\"attachment_122922\" style=\"width: 730px\" class=\"wp-caption aligncenter\"><a href=\"https:\/\/jundiai.sp.gov.br\/noticias\/wp-content\/uploads\/sites\/32\/2013\/12\/ronda_escolarG.jpg\"><img loading=\"lazy\" decoding=\"async\" aria-describedby=\"caption-attachment-122922\" src=\"https:\/\/jundiai.sp.gov.br\/noticias\/wp-content\/uploads\/sites\/32\/2013\/12\/ronda_escolarG-720x476.jpg\" alt=\"De janeiro a novembro foram atendidas as 110 escolas do munic\u00edpio e 37 escolas estaduais\" width=\"720\" height=\"476\" class=\"size-large wp-image-122922\" srcset=\"https:\/\/jundiai.sp.gov.br\/noticias\/wp-content\/uploads\/sites\/32\/2013\/12\/ronda_escolarG-720x476.jpg 720w, https:\/\/jundiai.sp.gov.br\/noticias\/wp-content\/uploads\/sites\/32\/2013\/12\/ronda_escolarG-300x198.jpg 300w, https:\/\/jundiai.sp.gov.br\/noticias\/wp-content\/uploads\/sites\/32\/2013\/12\/ronda_escolarG.jpg 1240w\" sizes=\"auto, (max-width: 720px) 100vw, 720px\" \/><\/a><p id=\"caption-attachment-122922\" class=\"wp-caption-text\">De janeiro a novembro foram atendidas as 110 escolas do munic\u00edpio e 37 escolas estaduais<\/p><\/div>\n<p>O comandante da Guarda Municipal de Jundia\u00ed, Jos\u00e9 Roberto Ferraz, explica que foi necess\u00e1rio trabalhar em dois turnos, pois a demanda j\u00e1 tem in\u00edcio quando o aluno sai da sua casa \u00e0s 6h da manh\u00e3, assim como aqueles que voltam ap\u00f3s \u00e0s 23h. \u201cNosso patrulhamento comunit\u00e1rio escolar deve dar seguran\u00e7a, n\u00e3o s\u00f3 em frente \u00e0s escolas, mas tamb\u00e9m no trajeto, pontos e terminais de \u00f4nibus\u201d, afirma.<\/p>\n<p><strong>Foram realizadas diariamente, das 6h30 \u00e0s 23h, compreendendo os tr\u00eas turnos de aulas, aproximadamente 10 mil passagens de rondas preventivas, tanto nas entradas como nas sa\u00eddas de alunos e mesmo quando as aulas j\u00e1 est\u00e3o em andamento.<\/strong> Estima-se que aproximadamente 70 mil alunos estejam matriculados na rede de ensino de Jundia\u00ed e 30 mil pessoas ligadas direta e indiretamente a esse p\u00fablico, como funcion\u00e1rios das escolas, condutores e pais que levam e trazem seus filhos.<\/p>\n<p>No tocante a ocorr\u00eancias foram atendidas e resolvidas 905 solicita\u00e7\u00f5es. O m\u00eas de agosto foi o que registrou o maior n\u00famero de chamadas, 161 atendimentos.<\/p>\n<p>\u201cN\u00e3o podemos classificar como um m\u00eas at\u00edpico, pois a maioria desses registros s\u00e3o os chamados que diretores e servidores das escolas fazem no telefone 153, quando recebem informa\u00e7\u00f5es sobre brigas na sa\u00edda ou entrada dos alunos e acionam a viatura da Ronda Escolar\u201d, explica o subinspetor Lacerda, respons\u00e1vel pelo grupamento matutino da Ronda Escolar.<\/p>\n<p>Para o ano de 2014 o comandante da GM sinaliza por mais investimentos nessa \u00e1rea de atua\u00e7\u00e3o, com mais equipes nas ruas atuando principalmente no patrulhamento comunit\u00e1rio escolar. \u201cpretendemos intensificar o patrulhamento junto \u00e0s escolas, atrav\u00e9s do aumento do efetivo, al\u00e9m de sinalizar com a\u00e7\u00f5es voltadas \u00e0 preven\u00e7\u00e3o e resolu\u00e7\u00e3o de conflitos, conforme treinamentos j\u00e1 adquiridos pelos GMs que integram a equipe de Ronda Escolar\u201d, finalizou.<\/p>\n<p><em><strong>Luciano Guerino<br \/>\nFoto: Fot\u00f3grafos PMJ<\/strong><\/em><\/p>\n","protected":false},"excerpt":{"rendered":"<p>No total, foram registradas aproximadamente 10 mil passagens de rondas preventivas nas escolas<\/p>\n","protected":false},"author":10,"featured_media":78030,"comment_status":"closed","ping_status":"closed","sticky":false,"template":"","format":"standard","meta":{"footnotes":""},"categories":[2],"tags":[31],"ods":[],"class_list":["post-78027","post","type-post","status-publish","format-standard","has-post-thumbnail","hentry","category-noticias","tag-guarda-municipal"],"_links":{"self":[{"href":"https:\/\/jundiai.sp.gov.br\/noticias\/wp-json\/wp\/v2\/posts\/78027","targetHints":{"allow":["GET"]}}],"collection":[{"href":"https:\/\/jundiai.sp.gov.br\/noticias\/wp-json\/wp\/v2\/posts"}],"about":[{"href":"https:\/\/jundiai.sp.gov.br\/noticias\/wp-json\/wp\/v2\/types\/post"}],"author":[{"embeddable":true,"href":"https:\/\/jundiai.sp.gov.br\/noticias\/wp-json\/wp\/v2\/users\/10"}],"replies":[{"embeddable":true,"href":"https:\/\/jundiai.sp.gov.br\/noticias\/wp-json\/wp\/v2\/comments?post=78027"}],"version-history":[{"count":1,"href":"https:\/\/jundiai.sp.gov.br\/noticias\/wp-json\/wp\/v2\/posts\/78027\/revisions"}],"predecessor-version":[{"id":122924,"href":"https:\/\/jundiai.sp.gov.br\/noticias\/wp-json\/wp\/v2\/posts\/78027\/revisions\/122924"}],"wp:featuredmedia":[{"embeddable":true,"href":"https:\/\/jundiai.sp.gov.br\/noticias\/wp-json\/"}],"wp:attachment":[{"href":"https:\/\/jundiai.sp.gov.br\/noticias\/wp-json\/wp\/v2\/media?parent=78027"}],"wp:term":[{"taxonomy":"category","embeddable":true,"href":"https:\/\/jundiai.sp.gov.br\/noticias\/wp-json\/wp\/v2\/categories?post=78027"},{"taxonomy":"post_tag","embeddable":true,"href":"https:\/\/jundiai.sp.gov.br\/noticias\/wp-json\/wp\/v2\/tags?post=78027"},{"taxonomy":"ods","embeddable":true,"href":"https:\/\/jundiai.sp.gov.br\/noticias\/wp-json\/wp\/v2\/ods?post=78027"}],"curies":[{"name":"wp","href":"https:\/\/api.w.org\/{rel}","templated":true}]}}