{"id":78123,"date":"2013-12-26T17:37:19","date_gmt":"2013-12-26T19:37:19","guid":{"rendered":"https:\/\/jundiai.sp.gov.br\/noticias\/?p=78123"},"modified":"2016-11-04T10:55:39","modified_gmt":"2016-11-04T12:55:39","slug":"corte-convida-prefeito-para-festa-do-figo-e-expo-goiaba-2014","status":"publish","type":"post","link":"https:\/\/jundiai.sp.gov.br\/noticias\/2013\/12\/26\/corte-convida-prefeito-para-festa-do-figo-e-expo-goiaba-2014\/","title":{"rendered":"Corte convida prefeito para Festa do Figo e Expo Goiaba 2014"},"content":{"rendered":"<p><strong>A corte da 65\u00aa Festa do Figo e 20\u00aa Expogoiaba de Valinhos visitou, na tarde desta quinta-feira (26), a Prefeitura de Jundia\u00ed, e convidou o prefeito Pedro Bigardi para o evento em 2014. <\/strong><\/p>\n<p><strong>MAIS<br \/>\n<a href=\"https:\/\/jundiai.sp.gov.br\/noticias\/2013\/12\/jogo-solidario-arrecada-15-toneladas-para-o-fundo-social\/\" target=\"_blank\">Jogo Solid\u00e1rio arrecada 15 toneladas para o Fundo Social<\/a><\/strong><\/p>\n<p><div style=\"width: 410px\" class=\"wp-caption alignright\"><a href=\"https:\/\/jundiai.sp.gov.br\/noticias\/wp-content\/uploads\/sites\/32\/2013\/12\/festa_figo_valinhos_D23g.jpg\"><img loading=\"lazy\" decoding=\"async\" src=\"https:\/\/jundiai.sp.gov.br\/noticias\/wp-content\/uploads\/sites\/32\/2013\/12\/festa_figo_valinhos_D23g.jpg\" width=\"400\" height=\"370\" class \/><\/a><p class=\"wp-caption-text\">Abertura da festa ser\u00e1 no dia 18 de janeiro em Valinhos.<\/p><\/div>A 1\u00aa Princesa, Carolina Ferig\u00f3i e a 2\u00aa Princesa, Amanda Lopes, entregaram ao prefeito o convite da festa. A<strong> abertura ser\u00e1 no dia 18 de janeiro (s\u00e1bado), \u00e0s 10 horas, no Parque Monsenhor Bruno Nardini, em Valinhos.<\/strong><\/p>\n<p>\u201cAgrade\u00e7o a visita e acho importante esta integra\u00e7\u00e3o entre as cidades do Circuito das Frutas. Com certeza, eu estarei l\u00e1\u201d, afirma Bigardi.<\/p>\n<p><em><strong>Por Luiza Oliveira<br \/>\nFoto: Dorival Pinheiro Filho<\/strong><\/em><\/p>\n","protected":false},"excerpt":{"rendered":"<p>A corte da 65\u00aa Festa do Figo e 20\u00aa Expogoiaba de Valinhos visitou, na tarde desta quinta-feira (26), a Prefeitura de Jundia\u00ed, e convidou o prefeito Pedro Bigardi para o evento em 2014. MAIS Jogo Solid\u00e1rio arrecada 15 toneladas para o Fundo Social A 1\u00aa Princesa, Carolina Ferig\u00f3i e a 2\u00aa Princesa, Amanda Lopes, entregaram [&hellip;]<\/p>\n","protected":false},"author":10,"featured_media":0,"comment_status":"closed","ping_status":"closed","sticky":false,"template":"","format":"standard","meta":{"footnotes":""},"categories":[2],"tags":[58],"ods":[],"class_list":["post-78123","post","type-post","status-publish","format-standard","hentry","category-noticias","tag-prefeito"],"_links":{"self":[{"href":"https:\/\/jundiai.sp.gov.br\/noticias\/wp-json\/wp\/v2\/posts\/78123","targetHints":{"allow":["GET"]}}],"collection":[{"href":"https:\/\/jundiai.sp.gov.br\/noticias\/wp-json\/wp\/v2\/posts"}],"about":[{"href":"https:\/\/jundiai.sp.gov.br\/noticias\/wp-json\/wp\/v2\/types\/post"}],"author":[{"embeddable":true,"href":"https:\/\/jundiai.sp.gov.br\/noticias\/wp-json\/wp\/v2\/users\/10"}],"replies":[{"embeddable":true,"href":"https:\/\/jundiai.sp.gov.br\/noticias\/wp-json\/wp\/v2\/comments?post=78123"}],"version-history":[{"count":1,"href":"https:\/\/jundiai.sp.gov.br\/noticias\/wp-json\/wp\/v2\/posts\/78123\/revisions"}],"predecessor-version":[{"id":182927,"href":"https:\/\/jundiai.sp.gov.br\/noticias\/wp-json\/wp\/v2\/posts\/78123\/revisions\/182927"}],"wp:attachment":[{"href":"https:\/\/jundiai.sp.gov.br\/noticias\/wp-json\/wp\/v2\/media?parent=78123"}],"wp:term":[{"taxonomy":"category","embeddable":true,"href":"https:\/\/jundiai.sp.gov.br\/noticias\/wp-json\/wp\/v2\/categories?post=78123"},{"taxonomy":"post_tag","embeddable":true,"href":"https:\/\/jundiai.sp.gov.br\/noticias\/wp-json\/wp\/v2\/tags?post=78123"},{"taxonomy":"ods","embeddable":true,"href":"https:\/\/jundiai.sp.gov.br\/noticias\/wp-json\/wp\/v2\/ods?post=78123"}],"curies":[{"name":"wp","href":"https:\/\/api.w.org\/{rel}","templated":true}]}}