{"id":78415,"date":"2014-01-08T17:53:22","date_gmt":"2014-01-08T19:53:22","guid":{"rendered":"https:\/\/jundiai.sp.gov.br\/noticias\/?p=78415"},"modified":"2016-11-04T11:18:30","modified_gmt":"2016-11-04T13:18:30","slug":"cultura-abre-inscricoes-para-o-coral-municipal-de-jundiai","status":"publish","type":"post","link":"https:\/\/jundiai.sp.gov.br\/noticias\/2014\/01\/08\/cultura-abre-inscricoes-para-o-coral-municipal-de-jundiai\/","title":{"rendered":"Cultura abre inscri\u00e7\u00f5es para o Coral Municipal"},"content":{"rendered":"<p><strong>O Coral Municipal de Jundia\u00ed est\u00e1 em busca de novas vozes. Os interessados devem fazer a inscri\u00e7\u00e3o, gratuitamente, na Secretaria Municipal de Cultura. Ao todo s\u00e3o 15 vagas dispon\u00edveis para homens e mulheres maiores de 18 anos.<\/strong><\/p>\n<p><strong>MAIS<br \/>\n<a href=\"https:\/\/jundiai.sp.gov.br\/noticias\/2014\/01\/festa-da-uva-atracoes-para-todos-os-gostos\/\" target=\"_blank\">Festa da Uva: Atra\u00e7\u00f5es para todos os gostos<\/a><\/strong><\/p>\n<div id=\"attachment_133659\" style=\"width: 610px\" class=\"wp-caption aligncenter\"><a href=\"https:\/\/jundiai.sp.gov.br\/noticias\/wp-content\/uploads\/sites\/32\/2014\/01\/Cultura-abre-inscri\u00e7\u00f5es-para-o-Coral-Municipal.jpg\"><img loading=\"lazy\" decoding=\"async\" aria-describedby=\"caption-attachment-133659\" src=\"https:\/\/jundiai.sp.gov.br\/noticias\/wp-content\/uploads\/sites\/32\/2014\/01\/Cultura-abre-inscri\u00e7\u00f5es-para-o-Coral-Municipal-720x487.jpg\" alt=\"Cultura abre inscri\u00e7\u00f5es para o Coral Municipal\" width=\"600\" height=\"400\" class=\"size-large wp-image-133659\" \/><\/a><p id=\"caption-attachment-133659\" class=\"wp-caption-text\">Cultura abre inscri\u00e7\u00f5es para o Coral Municipal<\/p><\/div>\n<p>\u201cO papel do coral \u00e9 importante para incentivar os artistas da cidade. Com ele descobrimos novos talentos\u201d, diz o diretor de Cultura, Eufraud\u00edsio Modesto Filho.<\/p>\n<p><strong>A regente do Coral, Cl\u00e1udia de Queiroz, explica que os candidatos ser\u00e3o avaliados num teste que tem como crit\u00e9rios de escolha: afina\u00e7\u00e3o, percep\u00e7\u00e3o musical, extens\u00e3o vocal e classifica\u00e7\u00e3o vocal.<\/strong><\/p>\n<p>\u201cTodos os candidatos passam por um teste vocal individual, que ser\u00e1 marcado no ato da inscri\u00e7\u00e3o. Neste teste vamos fazer exerc\u00edcios vocais, que avaliam a afina\u00e7\u00e3o, a percep\u00e7\u00e3o auditiva, assim j\u00e1 temos como comparar os candidatos. As vagas est\u00e3o abertas tamb\u00e9m para pessoas sem experi\u00eancia\u201d, diz a regente.<\/p>\n<p><strong>Os interessados devem preencher a ficha de inscri\u00e7\u00f5es e levar at\u00e9 a Casa da Cultura duas c\u00f3pias do comprovante de resid\u00eancia, uma com data recente e outra com a data anterior a um ano. Os resultados ser\u00e3o divulgados no dia 29 de janeiro.<\/strong><\/p>\n<p>Mais informa\u00e7\u00f5es pelo telefone (11) 4521-1430. A Casa da Cultura fica na rua Bar\u00e3o de Jundia\u00ed, 868, no Centro.<\/p>\n<p><strong>Coral<br \/>\n<\/strong>O Coral Municipal de Jundia\u00ed \u00e9 uma iniciativa criada pela Secretaria Municipal de Cultura. Os ensaios come\u00e7aram dia 21 de novembro de 2011. O objetivo do coral \u00e9 difundir o canto com a realiza\u00e7\u00e3o de concertos gratuitos pela cidade.<\/p>\n<p><em><strong>Por Assessoria de Imprensa<br \/>\nFoto: Arquivo PMJ<\/strong><\/em><\/p>\n","protected":false},"excerpt":{"rendered":"<p>Ao todo s\u00e3o 15 vagas dispon\u00edveis para homens e mulheres maiores de 18 anos<\/p>\n","protected":false},"author":10,"featured_media":78424,"comment_status":"closed","ping_status":"closed","sticky":false,"template":"","format":"standard","meta":{"footnotes":""},"categories":[2],"tags":[29],"ods":[],"class_list":["post-78415","post","type-post","status-publish","format-standard","has-post-thumbnail","hentry","category-noticias","tag-cultura"],"_links":{"self":[{"href":"https:\/\/jundiai.sp.gov.br\/noticias\/wp-json\/wp\/v2\/posts\/78415","targetHints":{"allow":["GET"]}}],"collection":[{"href":"https:\/\/jundiai.sp.gov.br\/noticias\/wp-json\/wp\/v2\/posts"}],"about":[{"href":"https:\/\/jundiai.sp.gov.br\/noticias\/wp-json\/wp\/v2\/types\/post"}],"author":[{"embeddable":true,"href":"https:\/\/jundiai.sp.gov.br\/noticias\/wp-json\/wp\/v2\/users\/10"}],"replies":[{"embeddable":true,"href":"https:\/\/jundiai.sp.gov.br\/noticias\/wp-json\/wp\/v2\/comments?post=78415"}],"version-history":[{"count":2,"href":"https:\/\/jundiai.sp.gov.br\/noticias\/wp-json\/wp\/v2\/posts\/78415\/revisions"}],"predecessor-version":[{"id":133661,"href":"https:\/\/jundiai.sp.gov.br\/noticias\/wp-json\/wp\/v2\/posts\/78415\/revisions\/133661"}],"wp:featuredmedia":[{"embeddable":true,"href":"https:\/\/jundiai.sp.gov.br\/noticias\/wp-json\/"}],"wp:attachment":[{"href":"https:\/\/jundiai.sp.gov.br\/noticias\/wp-json\/wp\/v2\/media?parent=78415"}],"wp:term":[{"taxonomy":"category","embeddable":true,"href":"https:\/\/jundiai.sp.gov.br\/noticias\/wp-json\/wp\/v2\/categories?post=78415"},{"taxonomy":"post_tag","embeddable":true,"href":"https:\/\/jundiai.sp.gov.br\/noticias\/wp-json\/wp\/v2\/tags?post=78415"},{"taxonomy":"ods","embeddable":true,"href":"https:\/\/jundiai.sp.gov.br\/noticias\/wp-json\/wp\/v2\/ods?post=78415"}],"curies":[{"name":"wp","href":"https:\/\/api.w.org\/{rel}","templated":true}]}}