{"id":78466,"date":"2014-01-08T18:39:33","date_gmt":"2014-01-08T20:39:33","guid":{"rendered":"https:\/\/jundiai.sp.gov.br\/noticias\/?p=78466"},"modified":"2016-11-04T11:18:31","modified_gmt":"2016-11-04T13:18:31","slug":"saude-da-familia-comeca-o-ano-fortalecida","status":"publish","type":"post","link":"https:\/\/jundiai.sp.gov.br\/noticias\/2014\/01\/08\/saude-da-familia-comeca-o-ano-fortalecida\/","title":{"rendered":"Sa\u00fade da Fam\u00edlia come\u00e7a o ano fortalecida"},"content":{"rendered":"<p><strong>Com a certifica\u00e7\u00e3o de metade dos 184 agentes comunit\u00e1rios de sa\u00fade em andamento, a \u00e1rea de sa\u00fade da fam\u00edlia renova as perspectivas em 2014 como uma das prioridades atuais da Prefeitura de Jundia\u00ed. O curso, realizado no segundo semestre do ano passado, conta com planos de novas edi\u00e7\u00f5es inclusive prevendo a amplia\u00e7\u00e3o futura dos quadros do setor.<\/strong><\/p>\n<p><strong>MAIS<br \/>\n<a href=\"https:\/\/jundiai.sp.gov.br\/noticias\/2014\/01\/onde-estao-os-agentes\/\" target=\"_blank\">Onde est\u00e3o os agentes da Sa\u00fade da Fam\u00edlia<\/a><\/strong><\/p>\n<div id=\"attachment_133656\" style=\"width: 410px\" class=\"wp-caption alignright\"><a href=\"https:\/\/jundiai.sp.gov.br\/noticias\/wp-content\/uploads\/sites\/32\/2014\/01\/Sa\u00fade-da-Fam\u00edlia-come\u00e7a-o-ano-fortalecida-1.jpg\"><img loading=\"lazy\" decoding=\"async\" aria-describedby=\"caption-attachment-133656\" src=\"https:\/\/jundiai.sp.gov.br\/noticias\/wp-content\/uploads\/sites\/32\/2014\/01\/Sa\u00fade-da-Fam\u00edlia-come\u00e7a-o-ano-fortalecida-1-720x520.jpg\" alt=\"Cl\u00e1udio Miranda na abertura do curso, em 2013: certifica\u00e7\u00e3o\" width=\"400\" height=\"370\" class=\"size-large wp-image-133656\" \/><\/a><p id=\"caption-attachment-133656\" class=\"wp-caption-text\">Cl\u00e1udio Miranda na abertura do curso, em 2013: certifica\u00e7\u00e3o<\/p><\/div>\n<p>\u201cA reestrutura\u00e7\u00e3o da rede de urg\u00eancia, com unidades de pronto-atendimento e hospitais, e da rede secund\u00e1ria, com ambulat\u00f3rios e servi\u00e7os, vai mudar a qualidade da sa\u00fade p\u00fablica. Mas essas mudan\u00e7as dependem do trabalho da aten\u00e7\u00e3o prim\u00e1ria, que s\u00e3o as unidades nos bairros e os agentes comunit\u00e1rios\u201d, explica o secret\u00e1rio Cl\u00e1udio Miranda.<\/p>\n<p><strong>Organizado pelas coordenadoras do setor, Paula Hebling Malpaga e Elaine Pilon, o projeto tem seus certificados tramitando na rede de centros de forma\u00e7\u00e3o do Sistema \u00danico de Sa\u00fade (SUS) e contou com a participa\u00e7\u00e3o de outros setores da Secretaria Municipal de Sa\u00fade como o Centro de Testagem e Amostragem (CTA), o Centro Especializado em \u00c1lcool e Drogas (CEAD) e o N\u00facleo de Apoio \u00e0 Sa\u00fade da Fam\u00edlia (NASF), entre outros.<\/strong><\/p>\n<p>O projeto tamb\u00e9m foi apoiado por entidades externas, como a diretoria regional da Secretaria Estadual de Sa\u00fade (DRS 7) e a entidade Alco\u00f3latras An\u00f4nimos (AA).<\/p>\n<div id=\"attachment_133657\" style=\"width: 410px\" class=\"wp-caption alignleft\"><a href=\"https:\/\/jundiai.sp.gov.br\/noticias\/wp-content\/uploads\/sites\/32\/2014\/01\/Sa\u00fade-da-Fam\u00edlia-come\u00e7a-o-ano-fortalecida-2.jpg\"><img loading=\"lazy\" decoding=\"async\" aria-describedby=\"caption-attachment-133657\" src=\"https:\/\/jundiai.sp.gov.br\/noticias\/wp-content\/uploads\/sites\/32\/2014\/01\/Sa\u00fade-da-Fam\u00edlia-come\u00e7a-o-ano-fortalecida-2-720x530.jpg\" alt=\"Participantes tem foco na humaniza\u00e7\u00e3o\" width=\"400\" height=\"370\" class=\"size-large wp-image-133657\" \/><\/a><p id=\"caption-attachment-133657\" class=\"wp-caption-text\">Participantes tem foco na humaniza\u00e7\u00e3o<\/p><\/div>\n<p>\u201cOs agentes comunit\u00e1rios fazem um trabalho \u00fanico e precisam saber onde encontram suporte para os problemas que encontrem. Alguns dos temas mais bem recebidos foram sobre humaniza\u00e7\u00e3o e visitas domiciliares\u201d, comenta Paula Malpaga.<\/p>\n<p>Foram 200 horas te\u00f3ricas e 200 horas pr\u00e1ticas no pr\u00f3prio trabalho de campo. O curso ganhou tamb\u00e9m atividades complementares, como sobre a pr\u00e1tica de atividades f\u00edsicas ou terap\u00eauticas (caso da t\u00e9cnica chinesa Liang Gong, por exemplo). Os meios de preven\u00e7\u00e3o em sa\u00fade foram destaque no curso.<\/p>\n<p><strong>ESF e EACS<\/strong><br \/>\n<strong>Presentes em grande parte da rede de 37 unidades de sa\u00fade descentralizadas nos bairros de Jundia\u00ed, os agentes comunit\u00e1rios de sa\u00fade atuam em dois modelos chamados de Estrat\u00e9gia de Sa\u00fade da Fam\u00edlia (ESF), que contam com m\u00e9dicos mais generalistas, e a Estrat\u00e9gia de Agentes Comunit\u00e1rios de Sa\u00fade (EACS), associada a unidades mais convencionais.<br \/>\n<\/strong><br \/>\nO programa de metas do governo atual prev\u00ea a amplia\u00e7\u00e3o do primeiro modelo de 5 equipes existentes no in\u00edcio de 2013 para 30 equipes at\u00e9 2016 e o n\u00famero inicial praticamente dobrou nesse primeiro ano.<\/p>\n<p>Cada equipe de sa\u00fade da fam\u00edlia \u00e9 formada por m\u00e9dico, enfermeiro, auxiliares de enfermagem, agentes comunit\u00e1rios, assistentes administrativos, odont\u00f3logo e auxiliar odontol\u00f3gico. As unidades trabalham ainda com grupos (diab\u00e9ticos, hipertensos, gestantes, nutri\u00e7\u00e3o, tabagismo e atividades f\u00edsicas) e a partir de 2013 conta com retaguarda de equipes itinerantes para apoio em sa\u00fade mental.<\/p>\n<p><em><strong><br \/>\nPor Jos\u00e9 Arnaldo de Oliveira<br \/>\nFoto: Arquivo PMJ<\/strong><\/em><\/p>\n","protected":false},"excerpt":{"rendered":"<p>Com a certifica\u00e7\u00e3o de metade dos 184 agentes comunit\u00e1rios de sa\u00fade em andamento, a \u00e1rea de sa\u00fade da fam\u00edlia renova as perspectivas em 2014 como uma das prioridades atuais da Prefeitura de Jundia\u00ed. O curso, realizado no segundo semestre do ano passado, conta com planos de novas edi\u00e7\u00f5es inclusive prevendo a amplia\u00e7\u00e3o futura dos quadros [&hellip;]<\/p>\n","protected":false},"author":10,"featured_media":0,"comment_status":"closed","ping_status":"closed","sticky":false,"template":"","format":"standard","meta":{"footnotes":""},"categories":[2],"tags":[3],"ods":[],"class_list":["post-78466","post","type-post","status-publish","format-standard","hentry","category-noticias","tag-saude"],"_links":{"self":[{"href":"https:\/\/jundiai.sp.gov.br\/noticias\/wp-json\/wp\/v2\/posts\/78466","targetHints":{"allow":["GET"]}}],"collection":[{"href":"https:\/\/jundiai.sp.gov.br\/noticias\/wp-json\/wp\/v2\/posts"}],"about":[{"href":"https:\/\/jundiai.sp.gov.br\/noticias\/wp-json\/wp\/v2\/types\/post"}],"author":[{"embeddable":true,"href":"https:\/\/jundiai.sp.gov.br\/noticias\/wp-json\/wp\/v2\/users\/10"}],"replies":[{"embeddable":true,"href":"https:\/\/jundiai.sp.gov.br\/noticias\/wp-json\/wp\/v2\/comments?post=78466"}],"version-history":[{"count":2,"href":"https:\/\/jundiai.sp.gov.br\/noticias\/wp-json\/wp\/v2\/posts\/78466\/revisions"}],"predecessor-version":[{"id":133658,"href":"https:\/\/jundiai.sp.gov.br\/noticias\/wp-json\/wp\/v2\/posts\/78466\/revisions\/133658"}],"wp:attachment":[{"href":"https:\/\/jundiai.sp.gov.br\/noticias\/wp-json\/wp\/v2\/media?parent=78466"}],"wp:term":[{"taxonomy":"category","embeddable":true,"href":"https:\/\/jundiai.sp.gov.br\/noticias\/wp-json\/wp\/v2\/categories?post=78466"},{"taxonomy":"post_tag","embeddable":true,"href":"https:\/\/jundiai.sp.gov.br\/noticias\/wp-json\/wp\/v2\/tags?post=78466"},{"taxonomy":"ods","embeddable":true,"href":"https:\/\/jundiai.sp.gov.br\/noticias\/wp-json\/wp\/v2\/ods?post=78466"}],"curies":[{"name":"wp","href":"https:\/\/api.w.org\/{rel}","templated":true}]}}