{"id":78629,"date":"2014-01-10T20:24:10","date_gmt":"2014-01-10T22:24:10","guid":{"rendered":"https:\/\/jundiai.sp.gov.br\/noticias\/?p=78629"},"modified":"2016-11-04T11:18:51","modified_gmt":"2016-11-04T13:18:51","slug":"mutirao-fara-manutencao-no-viaduto-da-ponte-neste-domingo-12","status":"publish","type":"post","link":"https:\/\/jundiai.sp.gov.br\/noticias\/2014\/01\/10\/mutirao-fara-manutencao-no-viaduto-da-ponte-neste-domingo-12\/","title":{"rendered":"Mutir\u00e3o far\u00e1 manuten\u00e7\u00e3o no viaduto da Ponte neste domingo (12)"},"content":{"rendered":"<p><strong>O Viaduto S\u00e3o Jo\u00e3o Batista, principal liga\u00e7\u00e3o entre a Ponte S\u00e3o Jo\u00e3o e o Centro receber\u00e1 um mutir\u00e3o para manuten\u00e7\u00e3o neste domingo (12). O trabalho faz parte das a\u00e7\u00f5es realizadas pela Secretaria de Servi\u00e7os P\u00fablicos com o objetivo de manter a cidade mais limpa. O local ficar\u00e1 interditado das 4h \u00e0s 19h.<\/strong><\/p>\n<p><strong>MAIS<br \/>\n<a href=\"https:\/\/jundiai.sp.gov.br\/noticias\/2014\/01\/novo-sistema-busca-melhorar-coleta-no-geresol\/\" target=\"_blank\">Novo sistema busca melhorar coleta no Geresol<\/a><br \/>\n<a href=\"https:\/\/jundiai.sp.gov.br\/noticias\/2014\/01\/cerest-fecha-o-ano-sem-mortes-na-construcao-civil\/\" target=\"_blank\">Cerest fecha o ano sem mortes na constru\u00e7\u00e3o civil<\/a><\/strong><\/p>\n<div style=\"width: 610px\" class=\"wp-caption aligncenter\"><a href=\"https:\/\/jundiai.sp.gov.br\/noticias\/wp-content\/uploads\/sites\/32\/2014\/01\/viaduto_p_s_joao-10g.jpg\"><img loading=\"lazy\" decoding=\"async\" src=\"https:\/\/jundiai.sp.gov.br\/noticias\/wp-content\/uploads\/sites\/32\/2014\/01\/viaduto_p_s_joao-10g.jpg\" width=\"600\" height=\"400\" class \/><\/a><p class=\"wp-caption-text\">Viaduto ficar\u00e1 interditado neste domingo: motoristas devem usar desvio alternativo<\/p><\/div>\n<p>\u201cN\u00f3s percebemos que os viadutos n\u00e3o recebiam o mesmo cuidado que as principais vias de Jundia\u00ed, ent\u00e3o adicionamos ao nosso cronograma de trabalho\u201d, explica o secret\u00e1rio Aguinaldo Leite ao informar que todos os viadutos receber\u00e3o o mutir\u00e3o.<\/p>\n<p>Ao menos 25 pessoas participar\u00e3o da a\u00e7\u00e3o, segundo o diretor de ilumina\u00e7\u00e3o p\u00fablica Marcelo Cardoso. <strong>Est\u00e1 programado a raspagem e pintura, manuten\u00e7\u00e3o do concreto do guarda-corpo.<\/strong> \u201cVamos lavar todo o viaduto e mexer na parte el\u00e9trica\u201d, afirma Cardoso. Segundo ele, a manuten\u00e7\u00e3o \u00e9 o in\u00edcio para tornar o viaduto mais seguro e iluminado.<\/p>\n<p>O diretor conta que o viaduto recebeu um refor\u00e7o estrutural na parte inferior h\u00e1 quatro anos. \u201cPor\u00e9m, pintura e limpeza n\u00e3o sabemos precisar h\u00e1 quanto tempo n\u00e3o eram feitos\u201d, diz.<\/p>\n<p>A a\u00e7\u00e3o ser\u00e1 realizada no domingo por ser um dia de pouco movimento e por estar em per\u00edodo de f\u00e9rias.<\/p>\n<p><strong>Tr\u00e2nsito<\/strong><br \/>\n<strong>Para orientar o motorista, a Divis\u00e3o de Tr\u00e2nsito, da Secretaria Municipal de Transportes, vai sinalizar todo o entorno e principais ruas de acesso.<\/strong> O desvio alternativo \u00e9 pelo Viaduto Sperandio Pelliciari. O local ser\u00e1 monitorado por c\u00e2meras e pela equipe de sem\u00e1foros para evitar congestionamentos.<\/p>\n<p><strong>Por Kadija Rodrigues<br \/>\nFoto: Arquivo PMJ<\/strong><\/p>\n","protected":false},"excerpt":{"rendered":"<p> Nesta data, Secretaria de Servi\u00e7os P\u00fablicos organiza um mutir\u00e3o de equipes para manuten\u00e7\u00e3o do local<\/p>\n","protected":false},"author":10,"featured_media":78637,"comment_status":"closed","ping_status":"closed","sticky":false,"template":"","format":"standard","meta":{"footnotes":""},"categories":[2],"tags":[],"ods":[],"class_list":["post-78629","post","type-post","status-publish","format-standard","has-post-thumbnail","hentry","category-noticias"],"_links":{"self":[{"href":"https:\/\/jundiai.sp.gov.br\/noticias\/wp-json\/wp\/v2\/posts\/78629","targetHints":{"allow":["GET"]}}],"collection":[{"href":"https:\/\/jundiai.sp.gov.br\/noticias\/wp-json\/wp\/v2\/posts"}],"about":[{"href":"https:\/\/jundiai.sp.gov.br\/noticias\/wp-json\/wp\/v2\/types\/post"}],"author":[{"embeddable":true,"href":"https:\/\/jundiai.sp.gov.br\/noticias\/wp-json\/wp\/v2\/users\/10"}],"replies":[{"embeddable":true,"href":"https:\/\/jundiai.sp.gov.br\/noticias\/wp-json\/wp\/v2\/comments?post=78629"}],"version-history":[{"count":1,"href":"https:\/\/jundiai.sp.gov.br\/noticias\/wp-json\/wp\/v2\/posts\/78629\/revisions"}],"predecessor-version":[{"id":181955,"href":"https:\/\/jundiai.sp.gov.br\/noticias\/wp-json\/wp\/v2\/posts\/78629\/revisions\/181955"}],"wp:featuredmedia":[{"embeddable":true,"href":"https:\/\/jundiai.sp.gov.br\/noticias\/wp-json\/"}],"wp:attachment":[{"href":"https:\/\/jundiai.sp.gov.br\/noticias\/wp-json\/wp\/v2\/media?parent=78629"}],"wp:term":[{"taxonomy":"category","embeddable":true,"href":"https:\/\/jundiai.sp.gov.br\/noticias\/wp-json\/wp\/v2\/categories?post=78629"},{"taxonomy":"post_tag","embeddable":true,"href":"https:\/\/jundiai.sp.gov.br\/noticias\/wp-json\/wp\/v2\/tags?post=78629"},{"taxonomy":"ods","embeddable":true,"href":"https:\/\/jundiai.sp.gov.br\/noticias\/wp-json\/wp\/v2\/ods?post=78629"}],"curies":[{"name":"wp","href":"https:\/\/api.w.org\/{rel}","templated":true}]}}