{"id":78905,"date":"2014-01-17T14:20:02","date_gmt":"2014-01-17T16:20:02","guid":{"rendered":"https:\/\/jundiai.sp.gov.br\/noticias\/?p=78905"},"modified":"2016-11-04T11:17:59","modified_gmt":"2016-11-04T13:17:59","slug":"prefeitura-orienta-escritorios-sobre-recolhimento-do-iss","status":"publish","type":"post","link":"https:\/\/jundiai.sp.gov.br\/noticias\/2014\/01\/17\/prefeitura-orienta-escritorios-sobre-recolhimento-do-iss\/","title":{"rendered":"Prefeitura orienta escrit\u00f3rios sobre recolhimento do ISS"},"content":{"rendered":"<p><strong>Por meio de uma parceria entre a Prefeitura de Jundia\u00ed e a Associa\u00e7\u00e3o das Empresas de Servi\u00e7os Cont\u00e1beis de Jundia\u00ed e Regi\u00e3o (CONT), foi realizada na manh\u00e3 desta sexta-feira (17), no audit\u00f3rio da empresa Gebram, uma palestra sobre recolhimento do ISS face \u00e0s varia\u00e7\u00f5es de al\u00edquotas. A palestra, ministrada pelo diretor do Departamento de Fiscaliza\u00e7\u00e3o Tribut\u00e1ria da Secretaria de Finan\u00e7as, Jos\u00e9 Carlos da Costa Amaro, foi voltada a escrit\u00f3rios cont\u00e1beis.<\/strong><\/p>\n<p><strong>MAIS<br \/>\n<a href=\"https:\/\/jundiai.sp.gov.br\/noticias\/2014\/01\/iprejun-oferece-informes-de-rendimento-a-partir-de-fevereiro\/\" target=\"_blank\">Iprejun oferece informes de rendimento a partir de fevereiro<\/a><\/strong><\/p>\n<div id=\"attachment_133337\" style=\"width: 410px\" class=\"wp-caption alignleft\"><a href=\"https:\/\/jundiai.sp.gov.br\/noticias\/wp-content\/uploads\/sites\/32\/2014\/01\/Prefeitura-orienta-escrit\u00f3rios-sobre-recolhimento-do-ISS.jpg\"><img loading=\"lazy\" decoding=\"async\" aria-describedby=\"caption-attachment-133337\" src=\"https:\/\/jundiai.sp.gov.br\/noticias\/wp-content\/uploads\/sites\/32\/2014\/01\/Prefeitura-orienta-escrit\u00f3rios-sobre-recolhimento-do-ISS-720x548.jpg\" alt=\"O diretor Jos\u00e9 Carlos: \u201cInforma\u00e7\u00f5es sobre ISS\u201d\" width=\"400\" height=\"400\" class=\"size-large wp-image-133337\" \/><\/a><p id=\"caption-attachment-133337\" class=\"wp-caption-text\">O diretor Jos\u00e9 Carlos: \u201cInforma\u00e7\u00f5es sobre ISS\u201d<\/p><\/div>\n<p>Uma jurisprud\u00eancia do Superior Tribunal de Justi\u00e7a (STJ) deu entendimentos diferenciados para o recolhimento do Imposto Sobre Servi\u00e7os, considerando o tipo de enquadramento das empresas. De maneira geral, elas defendem a forma de tributa\u00e7\u00e3o fixa do ISS, mas as prefeituras de todo o Pa\u00eds t\u00eam feito a cobran\u00e7a com base no c\u00e1lculo do faturamento da empresa.<\/p>\n<div id=\"attachment_133338\" style=\"width: 310px\" class=\"wp-caption alignright\"><a href=\"https:\/\/jundiai.sp.gov.br\/noticias\/wp-content\/uploads\/sites\/32\/2014\/01\/Prefeitura-orienta-escrit\u00f3rios-sobre-recolhimento-do-ISS-2.jpg\"><img loading=\"lazy\" decoding=\"async\" aria-describedby=\"caption-attachment-133338\" src=\"https:\/\/jundiai.sp.gov.br\/noticias\/wp-content\/uploads\/sites\/32\/2014\/01\/Prefeitura-orienta-escrit\u00f3rios-sobre-recolhimento-do-ISS-2-720x504.jpg\" alt=\"Palestra reuniu contabilistas da cidade\" width=\"300\" height=\"300\" class=\"size-large wp-image-133338\" \/><\/a><p id=\"caption-attachment-133338\" class=\"wp-caption-text\">Palestra reuniu contabilistas da cidade<\/p><\/div>\n<p>\u201cA inten\u00e7\u00e3o \u00e9 esclarecer as d\u00favidas e mostrar os argumentos que levaram as prefeituras a adotar o novo procedimento\u201d, explica Leonardo Mazzola, presidente da CONT, que representa as cerca de 300 em presas de contabilidade existentes em nossa cidade. E o convite para o diretor da Secretaria de Finan\u00e7as foi providencial para dirimir todas as d\u00favidas.<\/p>\n<p>Para o diretor da Secretaria de Finan\u00e7as, os procedimentos adotados por Jundia\u00ed se adequam \u00e0 nova postura determinada pelo STF. \u201cA palestra \u00e9 uma forma da administra\u00e7\u00e3o municipal contribuir com os escrit\u00f3rios cont\u00e1beis e auxiliar com todas as orienta\u00e7\u00f5es necess\u00e1rias\u201d, comenta Jos\u00e9 Carlos Amaro.<br \/>\n<strong><br \/>\nPor Alcir de Oliveira<br \/>\nFotos: Dorival Pinheiro Filho<\/strong><\/p>\n","protected":false},"excerpt":{"rendered":"<p>Por meio de uma parceria entre a Prefeitura de Jundia\u00ed e a Associa\u00e7\u00e3o das Empresas de Servi\u00e7os Cont\u00e1beis de Jundia\u00ed e Regi\u00e3o (CONT), foi realizada na manh\u00e3 desta sexta-feira (17), no audit\u00f3rio da empresa Gebram, uma palestra sobre recolhimento do ISS face \u00e0s varia\u00e7\u00f5es de al\u00edquotas. A palestra, ministrada pelo diretor do Departamento de Fiscaliza\u00e7\u00e3o [&hellip;]<\/p>\n","protected":false},"author":11,"featured_media":78906,"comment_status":"closed","ping_status":"closed","sticky":false,"template":"","format":"standard","meta":{"footnotes":""},"categories":[2],"tags":[345],"ods":[],"class_list":["post-78905","post","type-post","status-publish","format-standard","has-post-thumbnail","hentry","category-noticias","tag-financas"],"_links":{"self":[{"href":"https:\/\/jundiai.sp.gov.br\/noticias\/wp-json\/wp\/v2\/posts\/78905","targetHints":{"allow":["GET"]}}],"collection":[{"href":"https:\/\/jundiai.sp.gov.br\/noticias\/wp-json\/wp\/v2\/posts"}],"about":[{"href":"https:\/\/jundiai.sp.gov.br\/noticias\/wp-json\/wp\/v2\/types\/post"}],"author":[{"embeddable":true,"href":"https:\/\/jundiai.sp.gov.br\/noticias\/wp-json\/wp\/v2\/users\/11"}],"replies":[{"embeddable":true,"href":"https:\/\/jundiai.sp.gov.br\/noticias\/wp-json\/wp\/v2\/comments?post=78905"}],"version-history":[{"count":3,"href":"https:\/\/jundiai.sp.gov.br\/noticias\/wp-json\/wp\/v2\/posts\/78905\/revisions"}],"predecessor-version":[{"id":133340,"href":"https:\/\/jundiai.sp.gov.br\/noticias\/wp-json\/wp\/v2\/posts\/78905\/revisions\/133340"}],"wp:featuredmedia":[{"embeddable":true,"href":"https:\/\/jundiai.sp.gov.br\/noticias\/wp-json\/"}],"wp:attachment":[{"href":"https:\/\/jundiai.sp.gov.br\/noticias\/wp-json\/wp\/v2\/media?parent=78905"}],"wp:term":[{"taxonomy":"category","embeddable":true,"href":"https:\/\/jundiai.sp.gov.br\/noticias\/wp-json\/wp\/v2\/categories?post=78905"},{"taxonomy":"post_tag","embeddable":true,"href":"https:\/\/jundiai.sp.gov.br\/noticias\/wp-json\/wp\/v2\/tags?post=78905"},{"taxonomy":"ods","embeddable":true,"href":"https:\/\/jundiai.sp.gov.br\/noticias\/wp-json\/wp\/v2\/ods?post=78905"}],"curies":[{"name":"wp","href":"https:\/\/api.w.org\/{rel}","templated":true}]}}