{"id":79000,"date":"2014-01-20T16:40:37","date_gmt":"2014-01-20T18:40:37","guid":{"rendered":"https:\/\/jundiai.sp.gov.br\/noticias\/?p=79000"},"modified":"2016-11-04T11:17:59","modified_gmt":"2016-11-04T13:17:59","slug":"jundiai-prestigia-abertura-da-festa-do-figo-de-valinhos","status":"publish","type":"post","link":"https:\/\/jundiai.sp.gov.br\/noticias\/2014\/01\/20\/jundiai-prestigia-abertura-da-festa-do-figo-de-valinhos\/","title":{"rendered":"Jundia\u00ed prestigia abertura da Festa do Figo de Valinhos"},"content":{"rendered":"<p><strong>O munic\u00edpio de Valinhos abriu no \u00faltimo s\u00e1bado (18) a sua tradicional Festa do Figo, que neste ano comemora a sua 65\u00aa edi\u00e7\u00e3o juntamente com a 20\u00aa Expogoiaba, no Parque Municipal de Feiras e Eventos \u201cMonsenhor Bruno Nardini\u201d. E o prefeito Pedro Bigardi, acompanhado dos secret\u00e1rios municipais Marcos Brunholi (Agricultura) e Cl\u00e1udio Miranda (Sa\u00fade), marcou a presen\u00e7a de Jundia\u00ed apoiando o evento.<\/strong><br \/>\n<strong><br \/>\nMAIS<br \/>\n<a href=\"https:\/\/jundiai.sp.gov.br\/noticias\/2014\/01\/festa-da-uva-jundiai-celebra-80-anos-da-revolucao-rosada\/\" target=\"_blank\">Hist\u00f3ria: Jundia\u00ed celebra 80 anos da \u201crevolu\u00e7\u00e3o rosada\u201d<\/a><br \/>\n<\/strong><\/p>\n<p><div id=\"attachment_133196\" style=\"width: 340px\" class=\"wp-caption alignleft\"><a href=\"https:\/\/jundiai.sp.gov.br\/noticias\/wp-content\/uploads\/sites\/32\/2014\/01\/Jundia\u00ed-prestigia-abertura-da-Festa-do-Figo-de-Valinhos-1.jpg\"><img loading=\"lazy\" decoding=\"async\" aria-describedby=\"caption-attachment-133196\" src=\"https:\/\/jundiai.sp.gov.br\/noticias\/wp-content\/uploads\/sites\/32\/2014\/01\/Jundia\u00ed-prestigia-abertura-da-Festa-do-Figo-de-Valinhos-1-720x543.jpg\" alt=\"Prefeito e secret\u00e1rios prestigiam a Festa do Figo de Valinhos\" width=\"330\" height=\"300\" class=\"size-large wp-image-133196\" \/><\/a><p id=\"caption-attachment-133196\" class=\"wp-caption-text\">Prefeito e secret\u00e1rios prestigiam a Festa do Figo de Valinhos<\/p><\/div>Na abertura o prefeito do munic\u00edpio Clayton Machado ressaltou o importante trabalho desenvolvido pelos produtores rurais para a realiza\u00e7\u00e3o do evento. \u201cA festa s\u00f3 existe por causa do nosso agricultor que lavra a terra para produzir o fruto\u201d, disse. A solenidade contou ainda com a presen\u00e7a da secret\u00e1ria de Agricultura do Estado, M\u00f4nica Bergamaschi, e diversas autoridades da regi\u00e3o. <\/p>\n<p><strong>Para o prefeito Pedro Bigardi, apesar dos constantes processos de reurbaniza\u00e7\u00e3o que ocorrem na regi\u00e3o a agricultura se mant\u00e9m forte. <\/strong>\u201cAs festas regionais da agricultura s\u00e3o uma tradi\u00e7\u00e3o e fazem com que as cidades se integrem. Os 65 anos dessa Festa do Figo \u00e9 uma \u00f3tima marca e demonstra a seriedade como \u00e9 planejada para a popula\u00e7\u00e3o\u201d, comentou.<\/p>\n<p><strong>Para o secret\u00e1rio de Agricultura, Marcos Brunholi, a Festa do Figo, como os demais eventos regionais, valoriza o trabalhador rural e coloca em evid\u00eancia o Circuito das Frutas, que tem Jundia\u00ed como integrante.<\/strong> \u201cEventos deste porte demonstra como \u00e9 forte a gera\u00e7\u00e3o de alimentos em nossa regi\u00e3o, al\u00e9m de valorizar o trabalho do homem do campo\u201d, finalizou.<\/p>\n<div id=\"attachment_133197\" style=\"width: 340px\" class=\"wp-caption alignright\"><a href=\"https:\/\/jundiai.sp.gov.br\/noticias\/wp-content\/uploads\/sites\/32\/2014\/01\/Jundia\u00ed-prestigia-abertura-da-Festa-do-Figo-de-Valinhos-2.jpg\"><img loading=\"lazy\" decoding=\"async\" aria-describedby=\"caption-attachment-133197\" src=\"https:\/\/jundiai.sp.gov.br\/noticias\/wp-content\/uploads\/sites\/32\/2014\/01\/Jundia\u00ed-prestigia-abertura-da-Festa-do-Figo-de-Valinhos-2-720x556.jpg\" alt=\"Pedro Bigardi e o prefeito de Valinhos Clayton Machado\" width=\"330\" height=\"300\" class=\"size-large wp-image-133197\" \/><\/a><p id=\"caption-attachment-133197\" class=\"wp-caption-text\">Pedro Bigardi e o prefeito de Valinhos Clayton Machado<\/p><\/div>\n<p><strong>Bigardi tamb\u00e9m convidou os presentes para o evento comemorativo dos 80 anos da Festa da Uva de Jundia\u00ed, que come\u00e7a no dia 30 de janeiro. <\/strong><\/p>\n<p><strong>Servi\u00e7o:<\/strong><br \/>\n<strong>65\u00aa Festa do Figo e 20\u00aa Expogoiaba de Valinhos<br \/>\n<\/strong>De 18 de janeiro a 2 de fevereiro<br \/>\n<strong>Hor\u00e1rios:<\/strong> de ter\u00e7a a sexta-feira, das 18 \u00e0s 23 horas; dia 20 de janeiro (feriado municipal), das 10 \u00e0s 23 horas<br \/>\n<strong>Local:<\/strong> Parque Municipal &#8220;Monsenhor Bruno Nardini&#8221; &#8211; R. Dom Jo\u00e3o VI, 82, Jd. Planalto &#8211; Valinhos\/SP<br \/>\n<strong>Telefone:<\/strong> (19) 3849-5557<\/p>\n<p><strong>Por \u00c9di Gomes<br \/>\nFotos: Cl\u00e9ber de Almeida<\/strong><\/p>\n","protected":false},"excerpt":{"rendered":"<p>Festa do Figo comemora neste ano sua 65\u00aa edi\u00e7\u00e3o e come\u00e7ou no s\u00e1bado, em Valinhos<\/p>\n","protected":false},"author":10,"featured_media":79009,"comment_status":"closed","ping_status":"closed","sticky":false,"template":"","format":"standard","meta":{"footnotes":""},"categories":[2],"tags":[41,58],"ods":[],"class_list":["post-79000","post","type-post","status-publish","format-standard","has-post-thumbnail","hentry","category-noticias","tag-agricultura-abastecimento-e-turismo","tag-prefeito"],"_links":{"self":[{"href":"https:\/\/jundiai.sp.gov.br\/noticias\/wp-json\/wp\/v2\/posts\/79000","targetHints":{"allow":["GET"]}}],"collection":[{"href":"https:\/\/jundiai.sp.gov.br\/noticias\/wp-json\/wp\/v2\/posts"}],"about":[{"href":"https:\/\/jundiai.sp.gov.br\/noticias\/wp-json\/wp\/v2\/types\/post"}],"author":[{"embeddable":true,"href":"https:\/\/jundiai.sp.gov.br\/noticias\/wp-json\/wp\/v2\/users\/10"}],"replies":[{"embeddable":true,"href":"https:\/\/jundiai.sp.gov.br\/noticias\/wp-json\/wp\/v2\/comments?post=79000"}],"version-history":[{"count":2,"href":"https:\/\/jundiai.sp.gov.br\/noticias\/wp-json\/wp\/v2\/posts\/79000\/revisions"}],"predecessor-version":[{"id":133198,"href":"https:\/\/jundiai.sp.gov.br\/noticias\/wp-json\/wp\/v2\/posts\/79000\/revisions\/133198"}],"wp:featuredmedia":[{"embeddable":true,"href":"https:\/\/jundiai.sp.gov.br\/noticias\/wp-json\/"}],"wp:attachment":[{"href":"https:\/\/jundiai.sp.gov.br\/noticias\/wp-json\/wp\/v2\/media?parent=79000"}],"wp:term":[{"taxonomy":"category","embeddable":true,"href":"https:\/\/jundiai.sp.gov.br\/noticias\/wp-json\/wp\/v2\/categories?post=79000"},{"taxonomy":"post_tag","embeddable":true,"href":"https:\/\/jundiai.sp.gov.br\/noticias\/wp-json\/wp\/v2\/tags?post=79000"},{"taxonomy":"ods","embeddable":true,"href":"https:\/\/jundiai.sp.gov.br\/noticias\/wp-json\/wp\/v2\/ods?post=79000"}],"curies":[{"name":"wp","href":"https:\/\/api.w.org\/{rel}","templated":true}]}}