{"id":79156,"date":"2014-01-22T18:12:00","date_gmt":"2014-01-22T20:12:00","guid":{"rendered":"https:\/\/jundiai.sp.gov.br\/noticias\/?p=79156"},"modified":"2016-11-04T11:18:09","modified_gmt":"2016-11-04T13:18:09","slug":"festa-da-uva-transportes-reforca-onibus-nos-dias-do-evento","status":"publish","type":"post","link":"https:\/\/jundiai.sp.gov.br\/noticias\/2014\/01\/22\/festa-da-uva-transportes-reforca-onibus-nos-dias-do-evento\/","title":{"rendered":"31\u00aa Festa da Uva vai contar com \u00f4nibus extras"},"content":{"rendered":"<p><strong>A Secretaria Municipal de Transportes vai refor\u00e7ar o esquema do transporte coletivo durante os dias da 31\u00aa Festa da Uva e 2\u00aa Expo Vinhos, que come\u00e7a no pr\u00f3ximo dia 30 e prossegue at\u00e9 o dia 16 de fevereiro, sempre \u00e0s sextas-feiras, s\u00e1bados e domingos.<br \/>\n<\/strong><br \/>\n<strong>MAIS<br \/>\n<a href=\"https:\/\/jundiai.sp.gov.br\/noticias\/2014\/01\/festa-da-uva-confira-a-programacao\/\" target=\"_blank\">Confira a programa\u00e7\u00e3o completa<\/a><\/strong><br \/>\n<strong><a href=\"http:\/\/www.flickr.com\/photos\/prefeituradejundiai\/sets\/72157638142677085\/\" target=\"_blank\">Veja o \u00e1lbum de as fotos da Festa<\/a><\/strong><\/p>\n<div id=\"attachment_132934\" style=\"width: 610px\" class=\"wp-caption aligncenter\"><a href=\"https:\/\/jundiai.sp.gov.br\/noticias\/wp-content\/uploads\/sites\/32\/2014\/01\/31-Festa-da-Uva-vai-contar-com-\u00f4nibus-extras.jpg\"><img loading=\"lazy\" decoding=\"async\" aria-describedby=\"caption-attachment-132934\" src=\"https:\/\/jundiai.sp.gov.br\/noticias\/wp-content\/uploads\/sites\/32\/2014\/01\/31-Festa-da-Uva-vai-contar-com-\u00f4nibus-extras-720x479.jpg\" alt=\"Ser\u00e3o disponibilizados \u00f4nibus extras conforme a demanda\" width=\"600\" height=\"400\" class=\"size-large wp-image-132934\" srcset=\"https:\/\/jundiai.sp.gov.br\/noticias\/wp-content\/uploads\/sites\/32\/2014\/01\/31-Festa-da-Uva-vai-contar-com-\u00f4nibus-extras-720x479.jpg 720w, https:\/\/jundiai.sp.gov.br\/noticias\/wp-content\/uploads\/sites\/32\/2014\/01\/31-Festa-da-Uva-vai-contar-com-\u00f4nibus-extras-300x199.jpg 300w, https:\/\/jundiai.sp.gov.br\/noticias\/wp-content\/uploads\/sites\/32\/2014\/01\/31-Festa-da-Uva-vai-contar-com-\u00f4nibus-extras.jpg 1240w\" sizes=\"auto, (max-width: 600px) 100vw, 600px\" \/><\/a><p id=\"caption-attachment-132934\" class=\"wp-caption-text\">Ser\u00e3o disponibilizados \u00f4nibus extras conforme a demanda<\/p><\/div>\n<p>Ser\u00e3o disponibilizados, de acordo com a procura, ve\u00edculos extras principalmente para o retorno da popula\u00e7\u00e3o aos seus bairros, no hor\u00e1rio de t\u00e9rmino da festa, nos terminais do Sistema Integrado de Transporte Urbano (Situ).<br \/>\nO acesso para o Parque Comendador Ant\u00f4nio Carbonari, o Parque da Uva, pode ser feito atrav\u00e9s das linhas que circulam pela avenida Jundia\u00ed. <\/p>\n<p><strong>Confira:<br \/>\n<\/strong><br \/>\n521 \u2013 Jardim Guanabara \u2013 Terminal Vila Arens via Terminal Central e Rua do Retiro<\/p>\n<p>524 \u2013 Malota \u2013 Terminal Central<\/p>\n<p>526 \u2013 Parque dos Ip\u00eas \u2013 Terminal Central<\/p>\n<p>527 \u2013 Vila Alvorada \u2013 Terminal Central<\/p>\n<p>940 \u2013 Terminal Eloy Chaves \u2013 Terminal Hortol\u00e2ndia via Terminal Central<\/p>\n<p>941A &#8211; Terminal Eloy Chaves \u2013 Terminal Vila Arens via Terminal Central e Rodovia Dom Gabriel<\/p>\n<p>941B &#8211; Terminal Eloy Chaves \u2013 Terminal Vila Arens via Terminal Central e Avenida Antonio Pincinato<\/p>\n<p><strong>Por Assessoria de Imprensa<br \/>\nFoto: Arquivo PMJ<\/strong><\/p>\n","protected":false},"excerpt":{"rendered":"<p>Ser\u00e3o disponibilizados ve\u00edculos extras principalmente para o retorno da popula\u00e7\u00e3o aos seus bairros<\/p>\n","protected":false},"author":10,"featured_media":79160,"comment_status":"closed","ping_status":"closed","sticky":false,"template":"","format":"standard","meta":{"footnotes":""},"categories":[2],"tags":[41,199],"ods":[],"class_list":["post-79156","post","type-post","status-publish","format-standard","has-post-thumbnail","hentry","category-noticias","tag-agricultura-abastecimento-e-turismo","tag-festa-da-uva-2014"],"_links":{"self":[{"href":"https:\/\/jundiai.sp.gov.br\/noticias\/wp-json\/wp\/v2\/posts\/79156","targetHints":{"allow":["GET"]}}],"collection":[{"href":"https:\/\/jundiai.sp.gov.br\/noticias\/wp-json\/wp\/v2\/posts"}],"about":[{"href":"https:\/\/jundiai.sp.gov.br\/noticias\/wp-json\/wp\/v2\/types\/post"}],"author":[{"embeddable":true,"href":"https:\/\/jundiai.sp.gov.br\/noticias\/wp-json\/wp\/v2\/users\/10"}],"replies":[{"embeddable":true,"href":"https:\/\/jundiai.sp.gov.br\/noticias\/wp-json\/wp\/v2\/comments?post=79156"}],"version-history":[{"count":2,"href":"https:\/\/jundiai.sp.gov.br\/noticias\/wp-json\/wp\/v2\/posts\/79156\/revisions"}],"predecessor-version":[{"id":132936,"href":"https:\/\/jundiai.sp.gov.br\/noticias\/wp-json\/wp\/v2\/posts\/79156\/revisions\/132936"}],"wp:featuredmedia":[{"embeddable":true,"href":"https:\/\/jundiai.sp.gov.br\/noticias\/wp-json\/"}],"wp:attachment":[{"href":"https:\/\/jundiai.sp.gov.br\/noticias\/wp-json\/wp\/v2\/media?parent=79156"}],"wp:term":[{"taxonomy":"category","embeddable":true,"href":"https:\/\/jundiai.sp.gov.br\/noticias\/wp-json\/wp\/v2\/categories?post=79156"},{"taxonomy":"post_tag","embeddable":true,"href":"https:\/\/jundiai.sp.gov.br\/noticias\/wp-json\/wp\/v2\/tags?post=79156"},{"taxonomy":"ods","embeddable":true,"href":"https:\/\/jundiai.sp.gov.br\/noticias\/wp-json\/wp\/v2\/ods?post=79156"}],"curies":[{"name":"wp","href":"https:\/\/api.w.org\/{rel}","templated":true}]}}